{"id":46059,"date":"2020-08-02T08:00:32","date_gmt":"2020-08-02T06:00:32","guid":{"rendered":"https:\/\/www.messinaoggi.it\/website\/?p=46059"},"modified":"2020-08-02T08:00:32","modified_gmt":"2020-08-02T06:00:32","slug":"karting-triscina-pronta-ad-ospitare-la-prima-tappa-del-campionato-italiano-di-karting","status":"publish","type":"post","link":"https:\/\/www.messinaoggi.it\/website\/2020\/08\/02\/karting-triscina-pronta-ad-ospitare-la-prima-tappa-del-campionato-italiano-di-karting\/","title":{"rendered":"KARTING &#8211; Triscina pronta ad ospitare la prima tappa del campionato italiano di karting"},"content":{"rendered":"<h6 style=\"text-align: justify\">\u00a0<em><strong>Cresce l\u2019attesa per l\u2019ormai imminente prova inaugurale del campionato Italiano. Primi arrivi in Paddock per i team che vogliono prepararsi al meglio all\u2019appuntamento del 7 &#8211; 8 e 9 Agosto<\/strong><\/em><\/h6>\n<p> <div id=\"div-gpt-ad-Messinaoggi.it-DSK-300x250-corpoart\" style=\"text-align:center;margin:0 auto;\"><\/div><\/p>\n<p style=\"text-align: justify\">Il kartodromo Internazionale di Triscina \u00e8 pronto ad accogliere i protagonisti della prova inaugurale Tricolore. Due giorni di chiusura hanno permesso di effettuare ulteriori controlli al circuito affinch\u00e9 tutto risultasse in perfetto ordine per consentire lo svolgimento della manifestazione in tutta sicurezza.<div id=\"videoincontent\" style=\"clear:both\";><\/div><\/p>\n<p style=\"text-align: justify\">\u201c<em>Abbiamo predisposto tutto con massimo scrupolo<\/em> \u2013 ha dichiarato l\u2019organizzatore <strong>Gaspare Anastasi<\/strong> &#8211; <em>possiamo dire di aver dato ufficialmente il via a quello che per noi \u00e8 contemporaneamente un impegno straordinario e una grande festa. So di poter contare su una squadra collaudata che, anche in passato, si \u00e8 rilevata all\u2019altezza di un evento di tal portata, ma in questa occasione ho chiesto ai miei collaboratori uno sforzo ulteriore per fronteggiare la situazione particolare causata dall\u2019emergenza Covid-19. Con l\u2019arrivo dei primi team in paddock si \u00e8 creata subito un\u2018atmosfera festosa e di grande sportivit\u00e0<\/em>\u201d.<\/p>\n<p style=\"text-align: justify\">Gli fa eco il delegato Aci Sport Sicilia <strong>Armando Battaglia<\/strong> &#8211; \u201cS<em>ono personalmente molto soddisfatto dell\u2019operato di Karting Sicilia, organizzatore dell\u2019appuntamento tricolore sulla pista di Triscina, \u00e8 una realt\u00e0 molto professionale e perfettamente in grado di garantire i migliori standard alla serie tricolore. Come referente regionale Karting porgo con orgoglio a tutti, il benvenuto in Sicilia, su un circuito che per la sua esclusiva posizione, permette di trovarsi al centro di un territorio particolarmente ricco di ogni tesoro, quindi, una occasione imperdibile per vivere lo sport e scoprire un favoloso angolo dell\u2019isola. Per quanto concerne l\u2019aspetto prettamente sportivo sono certo che, in ogni categoria avremo occasione di vivere sfide appassionanti tra i migliori talenti nazionali e i piloti della nostra regione, per i quali sar\u00e0 una preziosa occasione di confronto e crescita sportiva<\/em>\u201d.<\/p>\n<p style=\"text-align: justify\">La settimana di Triscina comincia mercoled\u00ec 5 e gioved\u00ec 6 con prove libere di allenamento. Venerdi 7 Il campionato Italiano entrer\u00e0 nel vivo con la disputa delle qualifiche. Sabato 8 si svolgeranno le eliminatorie che stabiliranno l\u2019ordine di partenza delle finali. Domenica, dopo il warm up, Gara 1 e Gara 2 .<\/p>\n","protected":false},"excerpt":{"rendered":"<p>\u00a0Cresce l\u2019attesa per l\u2019ormai imminente prova inaugurale del campionato Italiano. Primi arrivi in Paddock per i team che vogliono prepararsi al meglio all\u2019appuntamento del 7 &#8211; 8 e 9 Agosto Il kartodromo Internazionale di Triscina \u00e8 pronto ad accogliere i protagonisti della prova inaugurale Tricolore. Due giorni di chiusura hanno permesso di effettuare ulteriori controlli [&hellip;]<\/p>\n","protected":false},"author":17,"featured_media":46060,"comment_status":"closed","ping_status":"closed","sticky":false,"template":"","format":"standard","meta":{"ub_ctt_via":"","_mi_skip_tracking":false},"categories":[8,9],"tags":[285,286],"featured_image_src":"https:\/\/www.messinaoggi.it\/website\/wp-content\/uploads\/2020\/08\/TROK-scaled-1.jpg","author_info":{"display_name":"Giuseppe Luppino","author_link":"https:\/\/www.messinaoggi.it\/website\/author\/g-luppino\/"},"digistream_id":0,"digistream":false,"_links":{"self":[{"href":"https:\/\/www.messinaoggi.it\/website\/wp-json\/wp\/v2\/posts\/46059"}],"collection":[{"href":"https:\/\/www.messinaoggi.it\/website\/wp-json\/wp\/v2\/posts"}],"about":[{"href":"https:\/\/www.messinaoggi.it\/website\/wp-json\/wp\/v2\/types\/post"}],"author":[{"embeddable":true,"href":"https:\/\/www.messinaoggi.it\/website\/wp-json\/wp\/v2\/users\/17"}],"replies":[{"embeddable":true,"href":"https:\/\/www.messinaoggi.it\/website\/wp-json\/wp\/v2\/comments?post=46059"}],"version-history":[{"count":0,"href":"https:\/\/www.messinaoggi.it\/website\/wp-json\/wp\/v2\/posts\/46059\/revisions"}],"wp:featuredmedia":[{"embeddable":true,"href":"https:\/\/www.messinaoggi.it\/website\/wp-json\/wp\/v2\/media\/46060"}],"wp:attachment":[{"href":"https:\/\/www.messinaoggi.it\/website\/wp-json\/wp\/v2\/media?parent=46059"}],"wp:term":[{"taxonomy":"category","embeddable":true,"href":"https:\/\/www.messinaoggi.it\/website\/wp-json\/wp\/v2\/categories?post=46059"},{"taxonomy":"post_tag","embeddable":true,"href":"https:\/\/www.messinaoggi.it\/website\/wp-json\/wp\/v2\/tags?post=46059"}],"curies":[{"name":"wp","href":"https:\/\/api.w.org\/{rel}","templated":true}]}}