{"id":46054,"date":"2020-08-01T23:38:25","date_gmt":"2020-08-01T21:38:25","guid":{"rendered":"https:\/\/www.messinaoggi.it\/website\/?p=46054"},"modified":"2020-08-01T23:38:25","modified_gmt":"2020-08-01T21:38:25","slug":"calcio-asd-citta-di-taormina-definito-lo-staff-tecnico-del-settore-giovanile","status":"publish","type":"post","link":"https:\/\/www.messinaoggi.it\/website\/2020\/08\/01\/calcio-asd-citta-di-taormina-definito-lo-staff-tecnico-del-settore-giovanile\/","title":{"rendered":"CALCIO &#8211;  Asd Citt\u00e0 di Taormina: definito lo staff tecnico del settore giovanile"},"content":{"rendered":"<h6><em><strong>Mentre lunedi 3 agosto scatta la preparazione della prima squadra<\/strong><\/em><\/h6>\n<p>Con un comunicato inviato agli organi di stampa, l\u2019Asd Citt\u00e0 di Taormina rende nota la composizione dello staff tecnico del settore giovanile.<br \/>\nMister <strong>Domenico Ardizzone<\/strong> sar\u00e0 l\u2019allenatore della Juniores regionale. Uomo di grande esperienza, storico tecnico del settore giovanile del Citt\u00e0 di Messina, nella scorsa stagione \u00e8 stato inizialmente vice allenatore della prima squadra dell\u2019Atletico Messina, oltre a guidare proprio la formazione Juniores dei biancazzurri.<br \/>\nAd allenare l\u2019Under 17 regionale sar\u00e0 il giovane <strong>Gabriele Patti<\/strong>: classe 1991, dopo aver calcato i campi dilettantistici della provincia di Messina con le maglie di Pompei e Peloro Annunziata, ha vissuto un\u2019importante esperienza formativa con la Juventus Soccer School nel 2013. Da allenatore, nelle ultime stagioni, \u00e8 stato impegnato con i settori giovanili di Sporting Atene e Giovanile Calcio Messina.<br \/>\nL\u2019Under 16 regionale, invece, \u00e8 affidata alle cure di <strong>Pietro Muscar\u00e0<\/strong>, ex Real Ritiro: \u201c<em>Un grande tecnico<\/em> &#8211; dice di lui il Responsabile del Settore giovanile Nicola Span\u00f2 &#8211; <em>che avr\u00e0 il compito di portare i nostri 2005 nel prossimo campionato di Under 17 regionale<\/em>\u201d.<br \/>\nL\u2019Under 15 regionale, infine, sar\u00e0 guidata da <strong>Giovanni Giorgianni<\/strong>. Tecnico di grande esperienza, \u00e8 un classe 1969, ha allenato, tra le altre, Torregrotta, Valle del Mela, Giovanile Calcio Messina e Camaro. Con i neroverdi, nella stagione 2017\/18, ha conquistato l\u2019approdo alla fase regionale del campionato con la formazione dei Giovanissimi.<br \/>\nIl ruolo di preparatore dei portieri \u00e8 stato affidato a <strong>Salvatore Panarello<\/strong>. Classe 1994, ha lavorato in passato con Citt\u00e0 di Messina, Igea Virtus e Giovanile Calcio Messina.<br \/>\nEntusiasta il Responsabile del settore giovanile Nicola Span\u00f2: \u201c<em>Quello del Citt\u00e0 di Taormina \u00e8 un importante progetto di valorizzazione dei giovani che potranno mettersi a disposizione della prima squadra. I quattro giorni di stage che abbiamo svolto a Mili Marina hanno confermato la bont\u00e0 del lavoro svolto negli anni da F24 Messina, Messina Soccer School e Sporting Atene che adesso fungeranno da serbatoio per un\u2019unica realt\u00e0. Faremo dei campionati importanti e abbiamo tanta qualit\u00e0, ma, al di l\u00e0 dei risultati, siamo interessati soprattutto alla crescita dei ragazzi. Il nostro obiettivo \u00e8 quello di vederli presto in prima squadra<\/em>\u201d.<br \/>\nLuned\u00ec 3 agosto alle 16,00, inoltre, agli ordini di mister <strong>Eugenio Lu Vito<\/strong> scatter\u00e0 la preparazione della prima squadra sul sintetico del Valerio Bacigalupo di Taormina. Sar\u00e0 l\u2019occasione per i saluti di rito con il Sindaco, prof. Mario Bolognari, e con l\u2019Assessore allo Sport Andrea Carpita. All\u2019incontro saranno presenti i dirigenti della societ\u00e0 e sar\u00e0 anche presentato il main sponsor che accompagner\u00e0 l\u2019Asd Citt\u00e0 di Taormina nella stagione 2020\/21. Nei prossimi giorni saranno comunicati i primi calciatori ufficialmente tesserati.<br \/>\n<strong><u>Settore giovanile<\/u><\/strong><br \/>\n<strong>Responsabile settore giovanile<\/strong>: Nicola Span\u00f2<br \/>\n<strong>Allenatore Juniores regionale<\/strong>: Domenico Ardizzone<br \/>\n<strong>Allenatore Under 17 regionale<\/strong>: Gabriele Patti<br \/>\n<strong>Allenatore Under 16 regionale<\/strong>: Pietro Muscar\u00e0<br \/>\n<strong>Allenatore Under 15 regionale<\/strong>: Giovanni Giorgianni<br \/>\n<strong>Preparatore dei portieri<\/strong>: Salvatore Panarello<br \/>\n<strong>Responsabile dei dirigenti accompagnatori<\/strong>: Letterio Rustica<br \/>\n<strong>Collaboratore organizzativo settore giovanile\/Responsabile struttura Mili Marina<\/strong>: Filippo Viscuso<div id=\"div-gpt-ad-Messinaoggi.it-DSK-300x250-corpoart\" style=\"text-align:center;margin:0 auto;\"><\/div><\/p>\n<div id=\"videoincontent\" style=\"clear:both\";><\/div>","protected":false},"excerpt":{"rendered":"<p>Mentre lunedi 3 agosto scatta la preparazione della prima squadra Con un comunicato inviato agli organi di stampa, l\u2019Asd Citt\u00e0 di Taormina rende nota la composizione dello staff tecnico del settore giovanile. Mister Domenico Ardizzone sar\u00e0 l\u2019allenatore della Juniores regionale. Uomo di grande esperienza, storico tecnico del settore giovanile del Citt\u00e0 di Messina, nella scorsa [&hellip;]<\/p>\n","protected":false},"author":17,"featured_media":46055,"comment_status":"closed","ping_status":"closed","sticky":false,"template":"","format":"standard","meta":{"ub_ctt_via":"","_mi_skip_tracking":false},"categories":[10,9],"tags":[270,284],"featured_image_src":"https:\/\/www.messinaoggi.it\/website\/wp-content\/uploads\/2020\/08\/Da-sinistra-Panarello-Ardizzone-Rustica-Lu-Vito-Lombardo-Patti-Ficarra.jpg","author_info":{"display_name":"Giuseppe Luppino","author_link":"https:\/\/www.messinaoggi.it\/website\/author\/g-luppino\/"},"digistream_id":0,"digistream":false,"_links":{"self":[{"href":"https:\/\/www.messinaoggi.it\/website\/wp-json\/wp\/v2\/posts\/46054"}],"collection":[{"href":"https:\/\/www.messinaoggi.it\/website\/wp-json\/wp\/v2\/posts"}],"about":[{"href":"https:\/\/www.messinaoggi.it\/website\/wp-json\/wp\/v2\/types\/post"}],"author":[{"embeddable":true,"href":"https:\/\/www.messinaoggi.it\/website\/wp-json\/wp\/v2\/users\/17"}],"replies":[{"embeddable":true,"href":"https:\/\/www.messinaoggi.it\/website\/wp-json\/wp\/v2\/comments?post=46054"}],"version-history":[{"count":0,"href":"https:\/\/www.messinaoggi.it\/website\/wp-json\/wp\/v2\/posts\/46054\/revisions"}],"wp:featuredmedia":[{"embeddable":true,"href":"https:\/\/www.messinaoggi.it\/website\/wp-json\/wp\/v2\/media\/46055"}],"wp:attachment":[{"href":"https:\/\/www.messinaoggi.it\/website\/wp-json\/wp\/v2\/media?parent=46054"}],"wp:term":[{"taxonomy":"category","embeddable":true,"href":"https:\/\/www.messinaoggi.it\/website\/wp-json\/wp\/v2\/categories?post=46054"},{"taxonomy":"post_tag","embeddable":true,"href":"https:\/\/www.messinaoggi.it\/website\/wp-json\/wp\/v2\/tags?post=46054"}],"curies":[{"name":"wp","href":"https:\/\/api.w.org\/{rel}","templated":true}]}}