{"id":46000,"date":"2020-07-31T11:47:33","date_gmt":"2020-07-31T09:47:33","guid":{"rendered":"https:\/\/www.messinaoggi.it\/website\/?p=46000"},"modified":"2020-07-31T11:47:33","modified_gmt":"2020-07-31T09:47:33","slug":"recovery-fund-e-infrastrutture-la-lettera-aperta-su-come-rilanciare-il-mezzogiorno","status":"publish","type":"post","link":"https:\/\/www.messinaoggi.it\/website\/2020\/07\/31\/recovery-fund-e-infrastrutture-la-lettera-aperta-su-come-rilanciare-il-mezzogiorno\/","title":{"rendered":"Recovery fund e infrastrutture, la lettera aperta su come rilanciare il Mezzogiorno"},"content":{"rendered":"<p style=\"text-align: justify\">Questa mattina un movimento trasversale che tocca le due sponde dello Stretto \u00e8 sceso in piazza per manifestare. L&#8217;obiettivo dichiarato \u00e8 quello di sollecitare le massime cariche nazionali e regionali a cogliere le opportunit\u00e0 che si sono venute a creare a seguito dell&#8217;emergenza coronavirus. Infatti, \u00e8 vero s\u00ec che la crisi sanitaria ha dato luogo a un&#8217;altrettanta crisi sotto il profilo economico, ma \u00e8 anche vero che a livello europeo \u00e8 stata data una risposta forte e unitaria al riguardo. Lo strumento pi\u00f9 importante che verr\u00e0 utilizzato per risollevare le economie europee sar\u00e0 il Recovery fund, il fondo europeo per gli aiuti post-coronavirus, che prevede lo stanziamento per i paesi europei di 750 miliardi di euro sotto forma di prestiti e finanziamenti a fondo perduto.<div id=\"div-gpt-ad-Messinaoggi.it-DSK-300x250-corpoart\" style=\"text-align:center;margin:0 auto;\"><\/div><\/p>\n<p style=\"text-align: justify\">In particolare, stamani il movimento ha realizzato un flash mob a piazza Unione Europea, al fine di chiedere l&#8217;uso del Recovery fund, ma non solo, per realizzare opere strategiche per il rilancio del Sud, quale il Ponte sullo Stretto. Al termine della manifestazione verr\u00e0 consegnato in Prefettura una lettera indirizzata al presidente della Repubblica, al presidente del Consiglio e ai presidenti delle Regioni. Riportiamo qui di seguito le conclusioni del contenuto della lettera, che pu\u00f2 essere letto per intero <a href=\"https:\/\/www.messinaoggi.it\/website\/wp-content\/uploads\/2020\/07\/Lettera-aperta_Recovery-fund-il-Meridione-in-Europa_31-luglio-2020-1.pdf\"><span style=\"text-decoration: underline\">cliccando qui<\/span><\/a>:<div id=\"videoincontent\" style=\"clear:both\";><\/div><\/p>\n<p style=\"text-align: justify\">&#8220;Chiediamo quindi al Governo di attuare le principali strategie di sviluppo gi\u00e0 condivise con l&#8217;Unione Europea.\u00a0 [&#8230;] Chiediamo quindi che, per scongiurare l&#8217;ennesima sperequazione degli ultimi decenni a favore del Nord Italia, sia garantita al Meridione la quota del 40% (83,6 miliardi di euro) delle risorse europee gi\u00e0 definite (209 miliardi di euro del Recovery fund) e, anche, la quota parte dei 37 miliardi di euro di fondi vincolati ad interventi sulla sanit\u00e0 (Mes) nel caso, da noi auspicato visti i ritardi e le carenze strutturali ed infrastrutturali del sistema sanitario del Meridione, in cui il governo decidesse di attivarli. L&#8217;obiettivo \u00e8 la realizzazione pi\u00f9 spedita di quelle opere che possano rendere l\u2019intero Paese competitivo e pi\u00f9 efficiente. Per farlo \u00e8 necessario ridurre l\u2019ormai insostenibile divario di dotazione infrastrutturale e di servizi che incide pesantemente sulla qualit\u00e0 della vita, sulla capacit\u00e0 produttiva e occupazionale e sulla reale garanzia dei diritti politici e sociali della popolazione del Meridione. Infrastrutture e servizi che non sono in alternativa agli altri investimenti sulla green economy, sull&#8217;innovazione, sulla ricerca, sulla rigenerazione urbana, sull&#8217;inclusione e coesione sociale. Le infrastrutture di connessione tra i territori dell\u2019Unione Europea sono infatti fondamentali per lo sviluppo dei territori, sono strutture invarianti a qualsiasi ipotesi di sviluppo. Infrastrutture materiali ed immateriali, dunque, che costituiscono la rete sulla quale viaggiano le merci, le persone, le idee e la rivoluzione tecnologica. E sono indispensabili per consentire al Meridione di mettersi in gioco senza ricorre pi\u00f9 a forme di assistenzialismo. Chiediamo, quindi, ai destinatari della presente lettera aperta di fissare un incontro ufficiale per poter discutere delle questioni esposte con una delegazione di rappresentanti del nostro movimento, spontaneo e trasversale, che continua ad avere sostegno ed adesioni da tutti i settori della societ\u00e0&#8221;.<\/p>\n<p style=\"text-align: justify\"><strong>De Luca: &#8220;Sempre stato favorevole al Ponte&#8221;.<\/strong> Intanto il sindaco Cateno De Luca d\u00e0 il proprio endorsement alla realizzazione del Ponte sullo Stretto, affermando di essere sempre stato favorevole al riguardo: &#8220;Sono sempre stato favorevole per la realizzazione di questa grandiosa opera che giudico l\u2019infrastruttura principale che a traino costringe il sistema politico a realizzare per connessione tutte le altre. &#8211; scrive De Luca in un post su Facebook &#8211; Nel frattempo da sindaco di Messina cerco di restituire dignit\u00e0 e vivibilit\u00e0 alla mia citt\u00e0 realizzando quei servizi ed infrastrutture che la citt\u00e0 merita ed aspetta da decenni&#8221;.<\/p>\n<p><a href=\"https:\/\/www.messinaoggi.it\/website\/wp-content\/uploads\/2020\/07\/de-luca-manifestanti-pro-ponte.jpg\"><img loading=\"lazy\" class=\"alignnone size-full wp-image-46024\" src=\"https:\/\/www.messinaoggi.it\/website\/wp-content\/uploads\/2020\/07\/de-luca-manifestanti-pro-ponte.jpg\" alt=\"\" width=\"1440\" height=\"1080\" \/><\/a><\/p>\n<p style=\"text-align: right\"><strong>Paolo Mustica<\/strong><\/p>\n","protected":false},"excerpt":{"rendered":"<p>Questa mattina un movimento trasversale che tocca le due sponde dello Stretto \u00e8 sceso in piazza per manifestare. L&#8217;obiettivo dichiarato \u00e8 quello di sollecitare le massime cariche nazionali e regionali a cogliere le opportunit\u00e0 che si sono venute a creare a seguito dell&#8217;emergenza coronavirus. Infatti, \u00e8 vero s\u00ec che la crisi sanitaria ha dato luogo [&hellip;]<\/p>\n","protected":false},"author":8,"featured_media":2256,"comment_status":"closed","ping_status":"closed","sticky":false,"template":"","format":"standard","meta":{"ub_ctt_via":"","_mi_skip_tracking":false},"categories":[6],"tags":[],"featured_image_src":"https:\/\/www.messinaoggi.it\/website\/wp-content\/uploads\/2017\/06\/ponte-sullo-stretto-di-messina-2.jpg","author_info":{"display_name":"red..me","author_link":"https:\/\/www.messinaoggi.it\/website\/author\/redstage\/"},"digistream_id":0,"digistream":false,"_links":{"self":[{"href":"https:\/\/www.messinaoggi.it\/website\/wp-json\/wp\/v2\/posts\/46000"}],"collection":[{"href":"https:\/\/www.messinaoggi.it\/website\/wp-json\/wp\/v2\/posts"}],"about":[{"href":"https:\/\/www.messinaoggi.it\/website\/wp-json\/wp\/v2\/types\/post"}],"author":[{"embeddable":true,"href":"https:\/\/www.messinaoggi.it\/website\/wp-json\/wp\/v2\/users\/8"}],"replies":[{"embeddable":true,"href":"https:\/\/www.messinaoggi.it\/website\/wp-json\/wp\/v2\/comments?post=46000"}],"version-history":[{"count":0,"href":"https:\/\/www.messinaoggi.it\/website\/wp-json\/wp\/v2\/posts\/46000\/revisions"}],"wp:featuredmedia":[{"embeddable":true,"href":"https:\/\/www.messinaoggi.it\/website\/wp-json\/wp\/v2\/media\/2256"}],"wp:attachment":[{"href":"https:\/\/www.messinaoggi.it\/website\/wp-json\/wp\/v2\/media?parent=46000"}],"wp:term":[{"taxonomy":"category","embeddable":true,"href":"https:\/\/www.messinaoggi.it\/website\/wp-json\/wp\/v2\/categories?post=46000"},{"taxonomy":"post_tag","embeddable":true,"href":"https:\/\/www.messinaoggi.it\/website\/wp-json\/wp\/v2\/tags?post=46000"}],"curies":[{"name":"wp","href":"https:\/\/api.w.org\/{rel}","templated":true}]}}