{"id":45932,"date":"2020-07-28T10:42:22","date_gmt":"2020-07-28T08:42:22","guid":{"rendered":"https:\/\/www.messinaoggi.it\/website\/?p=45932"},"modified":"2020-07-28T10:42:22","modified_gmt":"2020-07-28T08:42:22","slug":"assistenti-igienico-personali-de-luca-si-scontra-di-nuovo-con-musumeci","status":"publish","type":"post","link":"https:\/\/www.messinaoggi.it\/website\/2020\/07\/28\/assistenti-igienico-personali-de-luca-si-scontra-di-nuovo-con-musumeci\/","title":{"rendered":"Assistenti igienico personali, De Luca si scontra di nuovo con Musumeci"},"content":{"rendered":"<p style=\"text-align: justify\">Il sindaco Cateno De Luca si scontra nuovamente con il presidente regionale Nello Musumeci. Questa volta ad aver scatenato l&#8217;acceso dibattito \u00e8 stata la vertenza sul personale addetto all&#8217;Assistenza igienico-personale degli alunni con disabilit\u00e0. Tale categoria di lavoratori rischia di essere mandata a casa, in quanto fondamentalmente il Cga, dopo essere stato interpellato dalla Regione, ha spiegato che il servizio in questione debba essere espletato dal personale Ata.<div id=\"div-gpt-ad-Messinaoggi.it-DSK-300x250-corpoart\" style=\"text-align:center;margin:0 auto;\"><\/div><\/p>\n<p style=\"text-align: justify\">Al riguardo, si \u00e8 svolta ieri una manifestazione a Palermo, alla quale hanno partecipato non solo i lavoratori appartenenti a questa categoria e i loro rappresentanti sindacali, ma anche, tra gli altri, il primo cittadino di Messina. La partecipazione alla protesta era stata annunciata da De Luca stesso in suo post su Facebook, nel quale ha scritto: \u201cPresidente Musumeci, piuttosto che continuare a romperci i maroni con i migranti (fatti e non parole grazie!), perch\u00e9 non risolvi la paradossale vicenda degli studenti affetti da disabilit\u00e0 che resteranno privi di assistenza igienico personale? Me ne fotto della sentenza che ha affermato che la competenza \u00e8 dello Stato, perch\u00e9 non \u00e8 un servizio che possono svolgere i cosiddetti bidelli. Tra poco sar\u00f2 a Palermo anche io per mandarvi a fare in culo caro presidente Musumeci.<div id=\"videoincontent\" style=\"clear:both\";><\/div><\/p>\n<p style=\"text-align: justify\">\u201cPer sviare l\u2019attenzione della gente sulle incapacit\u00e0 del tuo governo ogni mattina ci parli dei migranti che scappano dai lager &#8211; hotspot, ma non ci parli delle famiglie con bambini e ragazzi speciali che avete abbandonato per il solo melodramma delle competenze. Nello smettila con la manfrina politica ed occupati dei problemi reali dei Siciliani perch\u00e9 ora\u00a0 ci hai rotto la m&#8230;!\u201d.<\/p>\n<p style=\"text-align: justify\">Al post di De Luca ha risposto Alessandro Aric\u00f2, capogruppo all&#8217;Ars di Diventer\u00e0Bellissima: \u201cAncora una volta Cateno De Luca si \u00e8 esibito nella sua principale specialit\u00e0: il turpiloquio nei confronti del governatore Nello Musumeci. Lo ha fatto con un ennesimo post imbarazzante e pieno zeppo di un linguaggio non degno di nessuno, tanto meno di un sindaco. Purtroppo dobbiamo rassegnarci all&#8217;evidenza: l&#8217;attuale sindaco di Messina non sa argomentare nella sostanza e sa solo essere volgare nella forma\u201d. Al riguardo, De Luca ha replicato: \u201cMeglio essere volgari nel linguaggio che esserlo perennemente nel ruolo istituzionale, interpretato da questi personaggi in cerca d\u2019autore. Ringrazio il maggiordomo politico del Presidente Musumeci, l\u2019onorevole Aric\u00f2, ma di lui i siciliani non hanno nessuna traccia di azioni concrete di buona amministrazione. Lo ringrazio inoltre perch\u00e9 mette ancora in evidenza come noi sindaci, in trincea sul territorio, siamo in balia delle problematiche e delle nefandezze create dagli inquilini dei palazzi palermitani, che continuano a danzare mentre la Sicilia sprofonda nel baratro\u201d.<\/p>\n","protected":false},"excerpt":{"rendered":"<p>Il sindaco Cateno De Luca si scontra nuovamente con il presidente regionale Nello Musumeci. Questa volta ad aver scatenato l&#8217;acceso dibattito \u00e8 stata la vertenza sul personale addetto all&#8217;Assistenza igienico-personale degli alunni con disabilit\u00e0. Tale categoria di lavoratori rischia di essere mandata a casa, in quanto fondamentalmente il Cga, dopo essere stato interpellato dalla Regione, [&hellip;]<\/p>\n","protected":false},"author":8,"featured_media":30641,"comment_status":"closed","ping_status":"closed","sticky":false,"template":"","format":"standard","meta":{"ub_ctt_via":"","_mi_skip_tracking":false},"categories":[4],"tags":[],"featured_image_src":"https:\/\/www.messinaoggi.it\/website\/wp-content\/uploads\/2019\/03\/E0364974-A2B3-4FBC-8E94-891AEF156A95.jpeg","author_info":{"display_name":"red..me","author_link":"https:\/\/www.messinaoggi.it\/website\/author\/redstage\/"},"digistream_id":0,"digistream":false,"_links":{"self":[{"href":"https:\/\/www.messinaoggi.it\/website\/wp-json\/wp\/v2\/posts\/45932"}],"collection":[{"href":"https:\/\/www.messinaoggi.it\/website\/wp-json\/wp\/v2\/posts"}],"about":[{"href":"https:\/\/www.messinaoggi.it\/website\/wp-json\/wp\/v2\/types\/post"}],"author":[{"embeddable":true,"href":"https:\/\/www.messinaoggi.it\/website\/wp-json\/wp\/v2\/users\/8"}],"replies":[{"embeddable":true,"href":"https:\/\/www.messinaoggi.it\/website\/wp-json\/wp\/v2\/comments?post=45932"}],"version-history":[{"count":0,"href":"https:\/\/www.messinaoggi.it\/website\/wp-json\/wp\/v2\/posts\/45932\/revisions"}],"wp:featuredmedia":[{"embeddable":true,"href":"https:\/\/www.messinaoggi.it\/website\/wp-json\/wp\/v2\/media\/30641"}],"wp:attachment":[{"href":"https:\/\/www.messinaoggi.it\/website\/wp-json\/wp\/v2\/media?parent=45932"}],"wp:term":[{"taxonomy":"category","embeddable":true,"href":"https:\/\/www.messinaoggi.it\/website\/wp-json\/wp\/v2\/categories?post=45932"},{"taxonomy":"post_tag","embeddable":true,"href":"https:\/\/www.messinaoggi.it\/website\/wp-json\/wp\/v2\/tags?post=45932"}],"curies":[{"name":"wp","href":"https:\/\/api.w.org\/{rel}","templated":true}]}}