{"id":45916,"date":"2020-07-27T16:03:17","date_gmt":"2020-07-27T14:03:17","guid":{"rendered":"https:\/\/www.messinaoggi.it\/website\/?p=45916"},"modified":"2020-07-27T16:03:17","modified_gmt":"2020-07-27T14:03:17","slug":"serie-d-mercato-il-veterano-pablo-ledesma-arriva-alla-corte-del-fc-messina","status":"publish","type":"post","link":"https:\/\/www.messinaoggi.it\/website\/2020\/07\/27\/serie-d-mercato-il-veterano-pablo-ledesma-arriva-alla-corte-del-fc-messina\/","title":{"rendered":"SERIE D MERCATO &#8211; Il veterano Pablo Ledesma arriva alla corte del FC Messina"},"content":{"rendered":"<h6><em><strong>Il FC Messina affida il centrocampo a Pablo Ledesma: \u201cEl Profes\u00f3r\u201d torna Italia. <\/strong><\/em><\/h6>\n<h6><em><strong>T<\/strong><\/em>rovato l\u2019accordo che legher\u00e0 <strong>Pablo Martin Ledesma <\/strong>al club giallorosso per la stagione 20\/21.<\/h6>\n<p> <div id=\"div-gpt-ad-Messinaoggi.it-DSK-300x250-corpoart\" style=\"text-align:center;margin:0 auto;\"><\/div><\/p>\n<p style=\"text-align: justify\">Colpaccio in entrata per il FC Messina che, nella tarda notte di sabato, ha concluso la lunga trattativa che riporter\u00e0 in Europa il centrocampista argentino Pablo Ledesma. <em><br \/>\n<\/em>Il classe 1984 natio di La Falda, \u00e8 il regalo annunciato dal Presidente Rocco Arena nelle scorse settimane e pu\u00f2 considerarsi la ciliegina sulla torta del pacchetto over della mediana giallorossa.<div id=\"videoincontent\" style=\"clear:both\";><\/div><\/p>\n<p style=\"text-align: justify\">Una carriera ricca di successi e di grandi esperienze per il calciatore cresciuto nel Tallares e sbocciato definitivamente nel prestigioso Boca Juniors, club con il quale tra il 2002 e il 2008 ha collezionato oltre cento presenze, mettendo a segno otto reti, conquistando la Coppa Libertadores nel 2007, due Coppe Sudamericane nel 2004 e nel 2005 e due Recopa Sudamericane nelle stesse annate.<\/p>\n<div id=\"attachment_45918\" style=\"width: 522px\" class=\"wp-caption alignright\"><img aria-describedby=\"caption-attachment-45918\" loading=\"lazy\" class=\" wp-image-45918\" src=\"https:\/\/www.messinaoggi.it\/website\/wp-content\/uploads\/2020\/07\/pablo-ledesma-1-1-300x180.jpg\" alt=\"\" width=\"512\" height=\"307\" \/><p id=\"caption-attachment-45918\" class=\"wp-caption-text\">Il centrocampista Pablo Ledesma<\/p><\/div>\n<p style=\"text-align: justify\">Nell\u2019estate del 2008 il Catania decide di puntare forte su di lui per una cifra vicina ai 3 milioni di euro. In Sicilia fino al 2012, saranno settantacinque i gettoni in rossobl\u00f9, dove timbrer\u00e0 il cartellino per quattro volte.<\/p>\n<p style=\"text-align: justify\">Rientra in patria nel 2012 ancora in maglia Boca, per accumulare 59 presenze in due stagioni, condite da tre gol.<\/p>\n<p style=\"text-align: justify\">Successivamente vestir\u00e0 per tre anni la maglia del Col\u00f3n fino al 2018, ed in rossonero metter\u00e0 a referto 7 reti e 79 presenze.<\/p>\n<p style=\"text-align: justify\">Dieci gettoni ed una rete nel Patronato nel 2018-2019 e 20 presenze nell\u2019ultima stagione disputata nella seconda serie argentina con l\u2019Alvarado.<\/p>\n<p style=\"text-align: justify\">Il club d\u00e0 il proprio benvenuto a Pablo Ledesma, orgoglioso di aver portato a Messina un calciatore del suo calibro, assolutamente convinto di sposare l\u2019ambizioso progetto giallorosso.<\/p>\n","protected":false},"excerpt":{"rendered":"<p>Il FC Messina affida il centrocampo a Pablo Ledesma: \u201cEl Profes\u00f3r\u201d torna Italia. Trovato l\u2019accordo che legher\u00e0 Pablo Martin Ledesma al club giallorosso per la stagione 20\/21. Colpaccio in entrata per il FC Messina che, nella tarda notte di sabato, ha concluso la lunga trattativa che riporter\u00e0 in Europa il centrocampista argentino Pablo Ledesma. Il [&hellip;]<\/p>\n","protected":false},"author":17,"featured_media":45917,"comment_status":"closed","ping_status":"closed","sticky":false,"template":"","format":"standard","meta":{"ub_ctt_via":"","_mi_skip_tracking":false},"categories":[10,9],"tags":[26,281],"featured_image_src":"https:\/\/www.messinaoggi.it\/website\/wp-content\/uploads\/2020\/07\/pablo-ledesma-2.jpg","author_info":{"display_name":"Giuseppe Luppino","author_link":"https:\/\/www.messinaoggi.it\/website\/author\/g-luppino\/"},"digistream_id":0,"digistream":false,"_links":{"self":[{"href":"https:\/\/www.messinaoggi.it\/website\/wp-json\/wp\/v2\/posts\/45916"}],"collection":[{"href":"https:\/\/www.messinaoggi.it\/website\/wp-json\/wp\/v2\/posts"}],"about":[{"href":"https:\/\/www.messinaoggi.it\/website\/wp-json\/wp\/v2\/types\/post"}],"author":[{"embeddable":true,"href":"https:\/\/www.messinaoggi.it\/website\/wp-json\/wp\/v2\/users\/17"}],"replies":[{"embeddable":true,"href":"https:\/\/www.messinaoggi.it\/website\/wp-json\/wp\/v2\/comments?post=45916"}],"version-history":[{"count":0,"href":"https:\/\/www.messinaoggi.it\/website\/wp-json\/wp\/v2\/posts\/45916\/revisions"}],"wp:featuredmedia":[{"embeddable":true,"href":"https:\/\/www.messinaoggi.it\/website\/wp-json\/wp\/v2\/media\/45917"}],"wp:attachment":[{"href":"https:\/\/www.messinaoggi.it\/website\/wp-json\/wp\/v2\/media?parent=45916"}],"wp:term":[{"taxonomy":"category","embeddable":true,"href":"https:\/\/www.messinaoggi.it\/website\/wp-json\/wp\/v2\/categories?post=45916"},{"taxonomy":"post_tag","embeddable":true,"href":"https:\/\/www.messinaoggi.it\/website\/wp-json\/wp\/v2\/tags?post=45916"}],"curies":[{"name":"wp","href":"https:\/\/api.w.org\/{rel}","templated":true}]}}