{"id":45900,"date":"2020-07-26T21:02:58","date_gmt":"2020-07-26T19:02:58","guid":{"rendered":"https:\/\/www.messinaoggi.it\/website\/?p=45900"},"modified":"2020-07-26T21:02:58","modified_gmt":"2020-07-26T19:02:58","slug":"ordigno-bellico-rinvenuto-a-santa-margherita","status":"publish","type":"post","link":"https:\/\/www.messinaoggi.it\/website\/2020\/07\/26\/ordigno-bellico-rinvenuto-a-santa-margherita\/","title":{"rendered":"Ordigno bellico rinvenuto a Santa Margherita"},"content":{"rendered":"<p style=\"text-align: left;\">Un ordigno bellico \u00e8 stato identificato nel tardo pomeriggio nello specchio d&#8217;acqua antistante Santa Margherita. Sul posto sono arrivati la polizia e gli uomini della Capitaneria di Porto che lo ha ritenuto pericoloso per la pubblica incolumit\u00e0. L&#8217;area \u00e8 stata transennata.<div id=\"div-gpt-ad-Messinaoggi.it-DSK-300x250-corpoart\" style=\"text-align:center;margin:0 auto;\"><\/div><\/p>\n<p><img loading=\"lazy\" class=\"alignnone size-medium wp-image-45901\" src=\"https:\/\/www.messinaoggi.it\/website\/wp-content\/uploads\/2020\/07\/IMG-20200726-WA0007-300x300.jpg\" alt=\"\" width=\"300\" height=\"300\" \/><div id=\"videoincontent\" style=\"clear:both\";><\/div><\/p>\n<p style=\"text-align: left;\">L&#8217;evento \u00e8 stato immortalato dai molti curiosi che si sono assiepati sul lungomare per seguire le operazioni di disinnesco.<\/p>\n","protected":false},"excerpt":{"rendered":"<p>Un ordigno bellico \u00e8 stato identificato nel tardo pomeriggio nello specchio d&#8217;acqua antistante Santa Margherita. Sul posto sono arrivati la polizia e gli uomini della Capitaneria di Porto che lo ha ritenuto pericoloso per la pubblica incolumit\u00e0. L&#8217;area \u00e8 stata transennata. L&#8217;evento \u00e8 stato immortalato dai molti curiosi che si sono assiepati sul lungomare per [&hellip;]<\/p>\n","protected":false},"author":4,"featured_media":45903,"comment_status":"closed","ping_status":"closed","sticky":false,"template":"","format":"standard","meta":{"ub_ctt_via":"","_mi_skip_tracking":false},"categories":[5],"tags":[],"featured_image_src":"https:\/\/www.messinaoggi.it\/website\/wp-content\/uploads\/2020\/07\/IMG-20200726-WA0006-1.jpg","author_info":{"display_name":"redme","author_link":"https:\/\/www.messinaoggi.it\/website\/author\/redme\/"},"digistream_id":0,"digistream":false,"_links":{"self":[{"href":"https:\/\/www.messinaoggi.it\/website\/wp-json\/wp\/v2\/posts\/45900"}],"collection":[{"href":"https:\/\/www.messinaoggi.it\/website\/wp-json\/wp\/v2\/posts"}],"about":[{"href":"https:\/\/www.messinaoggi.it\/website\/wp-json\/wp\/v2\/types\/post"}],"author":[{"embeddable":true,"href":"https:\/\/www.messinaoggi.it\/website\/wp-json\/wp\/v2\/users\/4"}],"replies":[{"embeddable":true,"href":"https:\/\/www.messinaoggi.it\/website\/wp-json\/wp\/v2\/comments?post=45900"}],"version-history":[{"count":0,"href":"https:\/\/www.messinaoggi.it\/website\/wp-json\/wp\/v2\/posts\/45900\/revisions"}],"wp:featuredmedia":[{"embeddable":true,"href":"https:\/\/www.messinaoggi.it\/website\/wp-json\/wp\/v2\/media\/45903"}],"wp:attachment":[{"href":"https:\/\/www.messinaoggi.it\/website\/wp-json\/wp\/v2\/media?parent=45900"}],"wp:term":[{"taxonomy":"category","embeddable":true,"href":"https:\/\/www.messinaoggi.it\/website\/wp-json\/wp\/v2\/categories?post=45900"},{"taxonomy":"post_tag","embeddable":true,"href":"https:\/\/www.messinaoggi.it\/website\/wp-json\/wp\/v2\/tags?post=45900"}],"curies":[{"name":"wp","href":"https:\/\/api.w.org\/{rel}","templated":true}]}}