{"id":45893,"date":"2020-07-26T15:53:00","date_gmt":"2020-07-26T13:53:00","guid":{"rendered":"https:\/\/www.messinaoggi.it\/website\/?p=45893"},"modified":"2020-07-26T15:53:00","modified_gmt":"2020-07-26T13:53:00","slug":"lega-sos-ghiri-salvaguardare-i-noccioleti-dei-nebrodi","status":"publish","type":"post","link":"https:\/\/www.messinaoggi.it\/website\/2020\/07\/26\/lega-sos-ghiri-salvaguardare-i-noccioleti-dei-nebrodi\/","title":{"rendered":"Lega: &quot;Sos ghiri, salvaguardare i noccioleti dei Nebrodi&quot;"},"content":{"rendered":"<p>&#8220;Sono soddisfatto della richiesta dello stato di calamit\u00e0 naturale avanzata dall&#8217;assessore all&#8217;Agricoltura Edy Bandiera per l&#8217;invasione dei ghiri sui Nebrodi che sta mettendo a rischio i noccioleti. Una richiesta che segue una nostra mozione presentata all&#8217;Ars&#8221;: lo ha dichiarato Antonio Catalfamo, capogruppo della Lega all&#8217;Ard.<br \/>\n&#8220;Durante questi due anni di legislatura ho pi\u00f9 volte proposto diverse misure per contrastare la diffusione di questa specie, che seppur protetta, si sta dimostrando pericolosa per i noccioleti a causa della sparizione dei pedatori che ne ha fatto crescere a dismisura il numero.<div id=\"div-gpt-ad-Messinaoggi.it-DSK-300x250-corpoart\" style=\"text-align:center;margin:0 auto;\"><\/div><\/p>\n<div>Una volta ottenuto lo stato di calamit\u00e0, occorre modulare un Piano di intervento sotto l&#8217;egida dell\u2019Ispra.<\/div>\n<div>Il nostro impegno \u00e8 stato e prosegue ad essere al fianco di tutte le autorit\u00e0 coinvolte per risolvere questa problematica,\u00a0 per valutare tutte le strade percorribili nel rispetto della natura e delle normative ambientali.<\/div>\n<div><\/div>\n<div>Salvaguardare le nocciole dei Nebrodi &#8211; conclude l&#8217;esponente leghista &#8211; \u00e8 fondamentale per garantire continuit\u00e0 a una fetta di mercato di qualit\u00e0, invidiata in tutta Italia\u201d.<\/div>\n<div><\/div>\n<div id=\"videoincontent\" style=\"clear:both\";><\/div>","protected":false},"excerpt":{"rendered":"<p>&#8220;Sono soddisfatto della richiesta dello stato di calamit\u00e0 naturale avanzata dall&#8217;assessore all&#8217;Agricoltura Edy Bandiera per l&#8217;invasione dei ghiri sui Nebrodi che sta mettendo a rischio i noccioleti. Una richiesta che segue una nostra mozione presentata all&#8217;Ars&#8221;: lo ha dichiarato Antonio Catalfamo, capogruppo della Lega all&#8217;Ard. &#8220;Durante questi due anni di legislatura ho pi\u00f9 volte proposto [&hellip;]<\/p>\n","protected":false},"author":4,"featured_media":45894,"comment_status":"closed","ping_status":"closed","sticky":false,"template":"","format":"standard","meta":{"ub_ctt_via":"","_mi_skip_tracking":false},"categories":[13,18],"tags":[],"featured_image_src":"https:\/\/www.messinaoggi.it\/website\/wp-content\/uploads\/2020\/07\/ghiro.jpg","author_info":{"display_name":"redme","author_link":"https:\/\/www.messinaoggi.it\/website\/author\/redme\/"},"digistream_id":0,"digistream":false,"_links":{"self":[{"href":"https:\/\/www.messinaoggi.it\/website\/wp-json\/wp\/v2\/posts\/45893"}],"collection":[{"href":"https:\/\/www.messinaoggi.it\/website\/wp-json\/wp\/v2\/posts"}],"about":[{"href":"https:\/\/www.messinaoggi.it\/website\/wp-json\/wp\/v2\/types\/post"}],"author":[{"embeddable":true,"href":"https:\/\/www.messinaoggi.it\/website\/wp-json\/wp\/v2\/users\/4"}],"replies":[{"embeddable":true,"href":"https:\/\/www.messinaoggi.it\/website\/wp-json\/wp\/v2\/comments?post=45893"}],"version-history":[{"count":0,"href":"https:\/\/www.messinaoggi.it\/website\/wp-json\/wp\/v2\/posts\/45893\/revisions"}],"wp:featuredmedia":[{"embeddable":true,"href":"https:\/\/www.messinaoggi.it\/website\/wp-json\/wp\/v2\/media\/45894"}],"wp:attachment":[{"href":"https:\/\/www.messinaoggi.it\/website\/wp-json\/wp\/v2\/media?parent=45893"}],"wp:term":[{"taxonomy":"category","embeddable":true,"href":"https:\/\/www.messinaoggi.it\/website\/wp-json\/wp\/v2\/categories?post=45893"},{"taxonomy":"post_tag","embeddable":true,"href":"https:\/\/www.messinaoggi.it\/website\/wp-json\/wp\/v2\/tags?post=45893"}],"curies":[{"name":"wp","href":"https:\/\/api.w.org\/{rel}","templated":true}]}}