{"id":45892,"date":"2020-07-25T23:59:01","date_gmt":"2020-07-25T21:59:01","guid":{"rendered":"https:\/\/www.messinaoggi.it\/website\/?p=45892"},"modified":"2020-07-25T23:59:01","modified_gmt":"2020-07-25T21:59:01","slug":"covid-musumeci-annuncia-restrizioni","status":"publish","type":"post","link":"https:\/\/www.messinaoggi.it\/website\/2020\/07\/25\/covid-musumeci-annuncia-restrizioni\/","title":{"rendered":"Covid, Musumeci annuncia restrizioni"},"content":{"rendered":"<p>Salgono i numeri del Covid in Sicilia. Sono 13 i nuovi positivi nelle ultime 24 ore. Il totale degli attuali contagiati arriva a 181.<br \/>\n&#8220;Un dato che ci impone di fare appello a una maggiore disciplina collettiva \u2013 afferma il presidente della Regioelne, Nello Musumeci -. Evitare gli assembramenti, usare la mascherina nei luoghi all\u2019aperto frequentati, usarla sempre nei luoghi chiusi (tranne a casa propria), mantenere la distanza di un metro con persone non conviventi, l\u2019uso di guanti e mascherina per gli operatori commerciali di generi alimentari (anche ambulanti). Tutto questo pu\u00f2 costituire un piccolo fastidio, ma ci d\u00e0 un grande aiuto nel tenere bassa la probabilit\u00e0 del contagio.<br \/>\nConfidiamo perci\u00f2 nel senso di responsabilit\u00e0 di ognuno \u2013 soprattutto dei giovani \u2013 e nella accurata vigilanza delle Forze dell\u2019ordine. Vorremmo evitare di adottare nei prossimi giorni misure restrittive, ma non ci sentiamo di escluderle&#8221;.<div id=\"div-gpt-ad-Messinaoggi.it-DSK-300x250-corpoart\" style=\"text-align:center;margin:0 auto;\"><\/div><\/p>\n<div id=\"videoincontent\" style=\"clear:both\";><\/div>","protected":false},"excerpt":{"rendered":"<p>Salgono i numeri del Covid in Sicilia. Sono 13 i nuovi positivi nelle ultime 24 ore. Il totale degli attuali contagiati arriva a 181. &#8220;Un dato che ci impone di fare appello a una maggiore disciplina collettiva \u2013 afferma il presidente della Regioelne, Nello Musumeci -. Evitare gli assembramenti, usare la mascherina nei luoghi all\u2019aperto [&hellip;]<\/p>\n","protected":false},"author":4,"featured_media":43180,"comment_status":"closed","ping_status":"closed","sticky":false,"template":"","format":"standard","meta":{"ub_ctt_via":"","_mi_skip_tracking":false},"categories":[221],"tags":[],"featured_image_src":"https:\/\/www.messinaoggi.it\/website\/wp-content\/uploads\/2020\/05\/musumeci.jpg","author_info":{"display_name":"redme","author_link":"https:\/\/www.messinaoggi.it\/website\/author\/redme\/"},"digistream_id":0,"digistream":false,"_links":{"self":[{"href":"https:\/\/www.messinaoggi.it\/website\/wp-json\/wp\/v2\/posts\/45892"}],"collection":[{"href":"https:\/\/www.messinaoggi.it\/website\/wp-json\/wp\/v2\/posts"}],"about":[{"href":"https:\/\/www.messinaoggi.it\/website\/wp-json\/wp\/v2\/types\/post"}],"author":[{"embeddable":true,"href":"https:\/\/www.messinaoggi.it\/website\/wp-json\/wp\/v2\/users\/4"}],"replies":[{"embeddable":true,"href":"https:\/\/www.messinaoggi.it\/website\/wp-json\/wp\/v2\/comments?post=45892"}],"version-history":[{"count":0,"href":"https:\/\/www.messinaoggi.it\/website\/wp-json\/wp\/v2\/posts\/45892\/revisions"}],"wp:featuredmedia":[{"embeddable":true,"href":"https:\/\/www.messinaoggi.it\/website\/wp-json\/wp\/v2\/media\/43180"}],"wp:attachment":[{"href":"https:\/\/www.messinaoggi.it\/website\/wp-json\/wp\/v2\/media?parent=45892"}],"wp:term":[{"taxonomy":"category","embeddable":true,"href":"https:\/\/www.messinaoggi.it\/website\/wp-json\/wp\/v2\/categories?post=45892"},{"taxonomy":"post_tag","embeddable":true,"href":"https:\/\/www.messinaoggi.it\/website\/wp-json\/wp\/v2\/tags?post=45892"}],"curies":[{"name":"wp","href":"https:\/\/api.w.org\/{rel}","templated":true}]}}