{"id":45826,"date":"2020-07-23T17:00:46","date_gmt":"2020-07-23T15:00:46","guid":{"rendered":"https:\/\/www.messinaoggi.it\/website\/?p=45826"},"modified":"2020-07-23T17:00:46","modified_gmt":"2020-07-23T15:00:46","slug":"scuola-di-mili-picciolo-otto-giorni-per-passare-dalle-parole-ai-fatti","status":"publish","type":"post","link":"https:\/\/www.messinaoggi.it\/website\/2020\/07\/23\/scuola-di-mili-picciolo-otto-giorni-per-passare-dalle-parole-ai-fatti\/","title":{"rendered":"Scuola di Mili, Picciolo: &quot;Otto giorni per passare dalle parole ai fatti&quot;"},"content":{"rendered":"<div dir=\"auto\">Beppe Picciolo riaccende i riflettori sulla scuola di Mili, inagibile da anni a causa di un incendio. &#8220;Dando seguito alle richieste delle associazioni &#8220;Ctg Lag&#8221; e del comitato &#8220;Vallata di Mili&#8221; &#8211; che hanno presentato lo scorso anno all&#8217;Amministrazione una proposta di ripristino dell&#8217;edificio per ospitare la scuola primaria e la scuola dell&#8217;infanzia regionale &#8211; ed avendo preso atto che fra tre anni il plesso chiuderebbe senza una trasformazione in statale (ottenibile solo con locali a norma) ho chiesto al gruppo consiliare di Sicilia Futura la presentazione di una mozione per un immediato sopralluogo da parte del sindaco e del commissario Croce e dell\u2019assessore regionale Lagalla nella Vallata di Mili San Pietro.<\/div>\n<div dir=\"auto\"><\/div>\n<div dir=\"auto\">Faccio quindi mie le preoccupazioni dei residenti nel villaggio che rischierebbe di perdere in un solo colpo entrambe le scuole, equivalenti a un importante presidio formativo, culturale e sociale ed evidenzio che la proposta di ottimizzazione degli spazi permetterebbe di ospitare sia la scuola primaria che quella dell&#8217;infanzia, con un risparmio sugli affitti attualmente sostenuto per quest&#8217;ultima, ospitata nella canonica del villaggio.<\/div>\n<div dir=\"auto\"><\/div>\n<div dir=\"auto\">\n<div dir=\"auto\">Stiamo parlando\u00a0 di un&#8217;utenza di circa 50 bambini delle due scuole e delle relative famiglie che attendono da anni una risposta.<\/div>\n<div dir=\"auto\">Inutile ribadire \u2013 conclude Picciolo \u2013 che i villaggi soffrono da tempo numerosi disagi e confido ancora nella possibilit\u00e0 che il Comune trasmetta entro il 30 luglio alla Regione lo studio di fattibilit\u00e0 del progetto, che consentirebbe di restituire alla comunit\u00e0 la sua scuola&#8221;.<\/div>\n<\/div>\n<div id=\"div-gpt-ad-Messinaoggi.it-DSK-300x250-corpoart\" style=\"text-align:center;margin:0 auto;\"><\/div><\/p><div id=\"videoincontent\" style=\"clear:both\";><\/div>","protected":false},"excerpt":{"rendered":"<p>Beppe Picciolo riaccende i riflettori sulla scuola di Mili, inagibile da anni a causa di un incendio. &#8220;Dando seguito alle richieste delle associazioni &#8220;Ctg Lag&#8221; e del comitato &#8220;Vallata di Mili&#8221; &#8211; che hanno presentato lo scorso anno all&#8217;Amministrazione una proposta di ripristino dell&#8217;edificio per ospitare la scuola primaria e la scuola dell&#8217;infanzia regionale &#8211; [&hellip;]<\/p>\n","protected":false},"author":4,"featured_media":45827,"comment_status":"closed","ping_status":"closed","sticky":false,"template":"","format":"standard","meta":{"ub_ctt_via":"","_mi_skip_tracking":false},"categories":[6],"tags":[],"featured_image_src":"https:\/\/www.messinaoggi.it\/website\/wp-content\/uploads\/2020\/07\/incendio-2016-scuola-di-mili-san-pietro.jpg","author_info":{"display_name":"redme","author_link":"https:\/\/www.messinaoggi.it\/website\/author\/redme\/"},"digistream_id":0,"digistream":false,"_links":{"self":[{"href":"https:\/\/www.messinaoggi.it\/website\/wp-json\/wp\/v2\/posts\/45826"}],"collection":[{"href":"https:\/\/www.messinaoggi.it\/website\/wp-json\/wp\/v2\/posts"}],"about":[{"href":"https:\/\/www.messinaoggi.it\/website\/wp-json\/wp\/v2\/types\/post"}],"author":[{"embeddable":true,"href":"https:\/\/www.messinaoggi.it\/website\/wp-json\/wp\/v2\/users\/4"}],"replies":[{"embeddable":true,"href":"https:\/\/www.messinaoggi.it\/website\/wp-json\/wp\/v2\/comments?post=45826"}],"version-history":[{"count":0,"href":"https:\/\/www.messinaoggi.it\/website\/wp-json\/wp\/v2\/posts\/45826\/revisions"}],"wp:featuredmedia":[{"embeddable":true,"href":"https:\/\/www.messinaoggi.it\/website\/wp-json\/wp\/v2\/media\/45827"}],"wp:attachment":[{"href":"https:\/\/www.messinaoggi.it\/website\/wp-json\/wp\/v2\/media?parent=45826"}],"wp:term":[{"taxonomy":"category","embeddable":true,"href":"https:\/\/www.messinaoggi.it\/website\/wp-json\/wp\/v2\/categories?post=45826"},{"taxonomy":"post_tag","embeddable":true,"href":"https:\/\/www.messinaoggi.it\/website\/wp-json\/wp\/v2\/tags?post=45826"}],"curies":[{"name":"wp","href":"https:\/\/api.w.org\/{rel}","templated":true}]}}