{"id":45780,"date":"2020-07-22T17:31:08","date_gmt":"2020-07-22T15:31:08","guid":{"rendered":"https:\/\/www.messinaoggi.it\/website\/?p=45780"},"modified":"2020-07-22T17:31:08","modified_gmt":"2020-07-22T15:31:08","slug":"virtus-verona-il-messinese-tonino-minutoli-nuovo-segretario-generale","status":"publish","type":"post","link":"https:\/\/www.messinaoggi.it\/website\/2020\/07\/22\/virtus-verona-il-messinese-tonino-minutoli-nuovo-segretario-generale\/","title":{"rendered":"Virtus Verona: il messinese Tonino Minutoli nuovo segretario generale"},"content":{"rendered":"<div data-blogger-escaped-style=\"text-align: justify;\">\n<p style=\"text-align: justify\"><span class=\"oi732d6d ik7dh3pa d2edcug0 qv66sw1b c1et5uql a8c37x1j muag1w35 ew0dbk1b jq4qci2q a3bd9o3v knj5qynh oo9gr5id hzawbc8m\" dir=\"auto\">E&#8217; messinese il nuovo segretario generale della <b>Virtus Verona<\/b>: la scelta della terza formazione calcistica della citt\u00e0 scaligera, dopo Hellas e Chievo, militante in Serie C, \u00e8 caduta su <b>Antonino<\/b>, per tutti &#8220;Tonino&#8221;, <b>Minutoli,<\/b> classe 1988 e con trascorsi analoghi nelle file di Milazzo, Messina e Catania, oltre a quelli da giocatore (in particolare nel Villafranca). &#8220;<i>Minutoli<\/i> &#8211; si legge sulla pagina facebook della Virtus Verona &#8211;<i> rappresenta un altro tassello importante dello scacchiere rossobl\u00f9 in vista della nuova stagione sportiva&#8221;<\/i>.<\/span><div id=\"div-gpt-ad-Messinaoggi.it-DSK-300x250-corpoart\" style=\"text-align:center;margin:0 auto;\"><\/div><\/p>\n<p style=\"text-align: justify\"><span class=\"oi732d6d ik7dh3pa d2edcug0 qv66sw1b c1et5uql a8c37x1j muag1w35 ew0dbk1b jq4qci2q a3bd9o3v knj5qynh oo9gr5id hzawbc8m\" dir=\"auto\">&#8220;<\/span><span class=\"oi732d6d ik7dh3pa d2edcug0 qv66sw1b c1et5uql a8c37x1j muag1w35 ew0dbk1b jq4qci2q a3bd9o3v knj5qynh oo9gr5id hzawbc8m\" dir=\"auto\"><span id=\"cch_f113e4bef178538\" class=\"_mh6 _wsc\"><span class=\"_3oh- _58nk\"><i>Chi vuol fare seriamente il mio mestiere non pu\u00f2 aspettare che il lavoro ti venga a cercare <\/i>&#8211; sono le prime parole di Tonino da segretario generale della Virtus -,<i> ma deve farsi trovare pronto anche ad emigrare. La Virtus Verona mi ha offerto questa grande opportunit\u00e0 tra i Prof., e non me la sono lasciata sfuggire. Qui c&#8217;\u00e8 un ambiente sereno ma estremamente serio e professionale: per capire cos&#8217;\u00e8 la Virtus basti pensare che abbiamo gi\u00e0 saldato gli stipendi di giugno e siamo a buon punto con l&#8217;iscrizione al prossimo campionato di Serie C&#8221;.<\/i><\/span><\/span><\/span><div id=\"videoincontent\" style=\"clear:both\";><\/div><\/p>\n<p style=\"text-align: justify\"><span class=\"oi732d6d ik7dh3pa d2edcug0 qv66sw1b c1et5uql a8c37x1j muag1w35 ew0dbk1b jq4qci2q a3bd9o3v knj5qynh oo9gr5id hzawbc8m\" dir=\"auto\"><b><span id=\"cch_f113e4bef178538\" class=\"_mh6 _wsc\"><span class=\"_3oh- _58nk\">Non c&#8217;\u00e8 stata possibilit\u00e0 di rimanere in Sicilia?<\/span><\/span><\/b><\/span><\/p>\n<p style=\"text-align: justify\"><span class=\"oi732d6d ik7dh3pa d2edcug0 qv66sw1b c1et5uql a8c37x1j muag1w35 ew0dbk1b jq4qci2q a3bd9o3v knj5qynh oo9gr5id hzawbc8m\" dir=\"auto\"><b><span id=\"cch_f113e4bef178538\" class=\"_mh6 _wsc\"><span class=\"_3oh- _58nk\">&#8220;<\/span><\/span><\/b><\/span><span class=\"oi732d6d ik7dh3pa d2edcug0 qv66sw1b c1et5uql a8c37x1j muag1w35 ew0dbk1b jq4qci2q a3bd9o3v knj5qynh oo9gr5id hzawbc8m\" dir=\"auto\"><span id=\"cch_f113e4bef178538\" class=\"_mh6 _wsc\"><span class=\"_3oh- _58nk\"><i>Il presidente Sciotto ha provato fino all&#8217;ultimo a farmi rimanere, <\/i><\/span><\/span><\/span><span class=\"oi732d6d ik7dh3pa d2edcug0 qv66sw1b c1et5uql a8c37x1j muag1w35 ew0dbk1b jq4qci2q a3bd9o3v knj5qynh oo9gr5id hzawbc8m\" dir=\"auto\"><span id=\"cch_f113e4bef178538\" class=\"_mh6 _wsc\"><span class=\"_3oh- _58nk\"><i>e in pi\u00f9 avevo ricevuto anche la proposta di un Academy cittadina di grande spessore, e con un importante progetto, che mi avrebbe affidato un ruolo importante e a cui va il mio ringraziamento. Dalla FC Messina non mi \u00e8 arrivata invece alcuna chiamata. Vista la situazione, ho deciso di accettare l&#8217;importante proposta della Virtus che mi offre le basi per un progetto serio su scala pluriennale&#8221;<\/i><\/span><\/span><b><span id=\"cch_f113e4bef178538\" class=\"_mh6 _wsc\"><span class=\"_3oh- _58nk\">.\u00a0<\/span><\/span><\/b> <\/span><\/p>\n<\/div>\n","protected":false},"excerpt":{"rendered":"<p>E&#8217; messinese il nuovo segretario generale della Virtus Verona: la scelta della terza formazione calcistica della citt\u00e0 scaligera, dopo Hellas e Chievo, militante in Serie C, \u00e8 caduta su Antonino, per tutti &#8220;Tonino&#8221;, Minutoli, classe 1988 e con trascorsi analoghi nelle file di Milazzo, Messina e Catania, oltre a quelli da giocatore (in particolare nel [&hellip;]<\/p>\n","protected":false},"author":11,"featured_media":45781,"comment_status":"closed","ping_status":"closed","sticky":false,"template":"","format":"standard","meta":{"ub_ctt_via":"","_mi_skip_tracking":false},"categories":[10,9],"tags":[],"featured_image_src":"https:\/\/www.messinaoggi.it\/website\/wp-content\/uploads\/2020\/07\/Minutoli-Virtus-Verona.jpg","author_info":{"display_name":"redsport","author_link":"https:\/\/www.messinaoggi.it\/website\/author\/redsport\/"},"digistream_id":0,"digistream":false,"_links":{"self":[{"href":"https:\/\/www.messinaoggi.it\/website\/wp-json\/wp\/v2\/posts\/45780"}],"collection":[{"href":"https:\/\/www.messinaoggi.it\/website\/wp-json\/wp\/v2\/posts"}],"about":[{"href":"https:\/\/www.messinaoggi.it\/website\/wp-json\/wp\/v2\/types\/post"}],"author":[{"embeddable":true,"href":"https:\/\/www.messinaoggi.it\/website\/wp-json\/wp\/v2\/users\/11"}],"replies":[{"embeddable":true,"href":"https:\/\/www.messinaoggi.it\/website\/wp-json\/wp\/v2\/comments?post=45780"}],"version-history":[{"count":0,"href":"https:\/\/www.messinaoggi.it\/website\/wp-json\/wp\/v2\/posts\/45780\/revisions"}],"wp:featuredmedia":[{"embeddable":true,"href":"https:\/\/www.messinaoggi.it\/website\/wp-json\/wp\/v2\/media\/45781"}],"wp:attachment":[{"href":"https:\/\/www.messinaoggi.it\/website\/wp-json\/wp\/v2\/media?parent=45780"}],"wp:term":[{"taxonomy":"category","embeddable":true,"href":"https:\/\/www.messinaoggi.it\/website\/wp-json\/wp\/v2\/categories?post=45780"},{"taxonomy":"post_tag","embeddable":true,"href":"https:\/\/www.messinaoggi.it\/website\/wp-json\/wp\/v2\/tags?post=45780"}],"curies":[{"name":"wp","href":"https:\/\/api.w.org\/{rel}","templated":true}]}}