{"id":45772,"date":"2020-07-22T15:33:55","date_gmt":"2020-07-22T13:33:55","guid":{"rendered":"https:\/\/www.messinaoggi.it\/website\/?p=45772"},"modified":"2020-07-22T15:33:55","modified_gmt":"2020-07-22T13:33:55","slug":"de-luca-hotspot-va-chiuso-il-prefetto-struttura-incompatibile","status":"publish","type":"post","link":"https:\/\/www.messinaoggi.it\/website\/2020\/07\/22\/de-luca-hotspot-va-chiuso-il-prefetto-struttura-incompatibile\/","title":{"rendered":"De Luca: &quot;Hotspot va chiuso&quot;. Il prefetto: &quot;Struttura incompatibile&quot;"},"content":{"rendered":"<p align=\"justify\">\u00c8 terminato l\u2019incontro istituzionale tra il prefetto di Messina, Maria Carmela Librizzi e il sindaco, Cateno De Luca. Piena condivisione istituzionale sul merito di come affrontare la vicenda legata all\u2019hotspot di Bisconte.<div id=\"div-gpt-ad-Messinaoggi.it-DSK-300x250-corpoart\" style=\"text-align:center;margin:0 auto;\"><\/div><\/p>\n<p align=\"justify\">\u201cLa struttura sar\u00e0 chiusa. Il prefetto ha acquisito la documentazione che evidenzia l\u2019incompatibilit\u00e0 oggi sopravvenuta dell\u2019hotspot, rispetto a quando \u00e8 stato istituito, in rapporto al contesto urbano di Bisconte all\u2019ex caserma Gasparro. Attende da parte nostra una relazione per tutti gli elementi da noi acquisiti, che sono a fondamento dell\u2019ordinanza che lei ha annullato per altri motivi. Sul merito per\u00f2, c\u2019\u00e8 la condivisione della chiusura dell\u2019hotspot\u201d. Ad affermarlo al termine dell\u2019incontro \u00e8 lo stesso primo cittadino.<div id=\"videoincontent\" style=\"clear:both\";><\/div><\/p>\n<p align=\"justify\">\u201cL\u2019unica alternativa da me offerta alla chiusura della struttura a Bisconte \u2013 conclude De Luca \u2013 \u00e8 la creazione di un hotspot su una nave, non sul contesto urbano messinese, avendo gi\u00e0 la citt\u00e0 contribuito ampiamente in favore delle politiche sui migranti. L\u2019incontro si \u00e8 chiuso con la garanzia del prefetto di relazionare in via definitiva al Viminale, al fine di procedere alla chiusura dell\u2019hotspot che avverr\u00e0 nelle prossime settimane, in funzione del completamento della fase di quarantena dei quasi 200 soggetti che sono attualmente in tale struttura, la quale comunque sar\u00e0 smantellata per come richiesto dal Comune di Messina&#8221;.<\/p>\n","protected":false},"excerpt":{"rendered":"<p>\u00c8 terminato l\u2019incontro istituzionale tra il prefetto di Messina, Maria Carmela Librizzi e il sindaco, Cateno De Luca. Piena condivisione istituzionale sul merito di come affrontare la vicenda legata all\u2019hotspot di Bisconte. \u201cLa struttura sar\u00e0 chiusa. Il prefetto ha acquisito la documentazione che evidenzia l\u2019incompatibilit\u00e0 oggi sopravvenuta dell\u2019hotspot, rispetto a quando \u00e8 stato istituito, in [&hellip;]<\/p>\n","protected":false},"author":4,"featured_media":45773,"comment_status":"closed","ping_status":"closed","sticky":false,"template":"","format":"standard","meta":{"ub_ctt_via":"","_mi_skip_tracking":false},"categories":[6],"tags":[],"featured_image_src":"https:\/\/www.messinaoggi.it\/website\/wp-content\/uploads\/2020\/07\/De-Luca-Librizzi.jpeg.jpg","author_info":{"display_name":"redme","author_link":"https:\/\/www.messinaoggi.it\/website\/author\/redme\/"},"digistream_id":0,"digistream":false,"_links":{"self":[{"href":"https:\/\/www.messinaoggi.it\/website\/wp-json\/wp\/v2\/posts\/45772"}],"collection":[{"href":"https:\/\/www.messinaoggi.it\/website\/wp-json\/wp\/v2\/posts"}],"about":[{"href":"https:\/\/www.messinaoggi.it\/website\/wp-json\/wp\/v2\/types\/post"}],"author":[{"embeddable":true,"href":"https:\/\/www.messinaoggi.it\/website\/wp-json\/wp\/v2\/users\/4"}],"replies":[{"embeddable":true,"href":"https:\/\/www.messinaoggi.it\/website\/wp-json\/wp\/v2\/comments?post=45772"}],"version-history":[{"count":0,"href":"https:\/\/www.messinaoggi.it\/website\/wp-json\/wp\/v2\/posts\/45772\/revisions"}],"wp:featuredmedia":[{"embeddable":true,"href":"https:\/\/www.messinaoggi.it\/website\/wp-json\/wp\/v2\/media\/45773"}],"wp:attachment":[{"href":"https:\/\/www.messinaoggi.it\/website\/wp-json\/wp\/v2\/media?parent=45772"}],"wp:term":[{"taxonomy":"category","embeddable":true,"href":"https:\/\/www.messinaoggi.it\/website\/wp-json\/wp\/v2\/categories?post=45772"},{"taxonomy":"post_tag","embeddable":true,"href":"https:\/\/www.messinaoggi.it\/website\/wp-json\/wp\/v2\/tags?post=45772"}],"curies":[{"name":"wp","href":"https:\/\/api.w.org\/{rel}","templated":true}]}}