{"id":45741,"date":"2020-07-21T16:09:39","date_gmt":"2020-07-21T14:09:39","guid":{"rendered":"https:\/\/www.messinaoggi.it\/website\/?p=45741"},"modified":"2020-07-21T16:09:39","modified_gmt":"2020-07-21T14:09:39","slug":"hotspot-de-luca-chiude-il-prefetto-riapre","status":"publish","type":"post","link":"https:\/\/www.messinaoggi.it\/website\/2020\/07\/21\/hotspot-de-luca-chiude-il-prefetto-riapre\/","title":{"rendered":"Hotspot Bisconte: De Luca chiude, il prefetto riapre"},"content":{"rendered":"<p>Il prefetto di Messina, Maria Carmela Librizzi, ha annullato l\u2019ordinanza contigibile ed urgente del sindaco di Messina, Cateno De Luca che disponeva la chiusura del centro di accoglienza migranti del rione Bisconte.<br \/>\n\u201cLa gestione dell\u2019hotspot \u00e8 di competenza del Governo e non pu\u00f2 essere soggetta ad ordinanza sindacale &#8211; scrive la Prefettura in una nota stampa -. Per ci\u00f2 che attiene le decisioni sul futuro dell\u2019hotspot \u2013 prosegue la nota \u2013 il Prefetto conferma in ogni caso le esistenti interlocuzioni con il ministro Lamorgese con la disponibilit\u00e0 a prendere in considerazione anche le motivazioni dell\u2019Amministrazione comunale&#8221;<div id=\"div-gpt-ad-Messinaoggi.it-DSK-300x250-corpoart\" style=\"text-align:center;margin:0 auto;\"><\/div><\/p>\n<div id=\"videoincontent\" style=\"clear:both\";><\/div>","protected":false},"excerpt":{"rendered":"<p>Il prefetto di Messina, Maria Carmela Librizzi, ha annullato l\u2019ordinanza contigibile ed urgente del sindaco di Messina, Cateno De Luca che disponeva la chiusura del centro di accoglienza migranti del rione Bisconte. \u201cLa gestione dell\u2019hotspot \u00e8 di competenza del Governo e non pu\u00f2 essere soggetta ad ordinanza sindacale &#8211; scrive la Prefettura in una nota [&hellip;]<\/p>\n","protected":false},"author":4,"featured_media":33338,"comment_status":"closed","ping_status":"closed","sticky":false,"template":"","format":"standard","meta":{"ub_ctt_via":"","_mi_skip_tracking":false},"categories":[19],"tags":[],"featured_image_src":"https:\/\/www.messinaoggi.it\/website\/wp-content\/uploads\/2019\/06\/1B1D97A9-3A5C-4515-A5BB-1E0223915D4B.jpeg","author_info":{"display_name":"redme","author_link":"https:\/\/www.messinaoggi.it\/website\/author\/redme\/"},"digistream_id":0,"digistream":false,"_links":{"self":[{"href":"https:\/\/www.messinaoggi.it\/website\/wp-json\/wp\/v2\/posts\/45741"}],"collection":[{"href":"https:\/\/www.messinaoggi.it\/website\/wp-json\/wp\/v2\/posts"}],"about":[{"href":"https:\/\/www.messinaoggi.it\/website\/wp-json\/wp\/v2\/types\/post"}],"author":[{"embeddable":true,"href":"https:\/\/www.messinaoggi.it\/website\/wp-json\/wp\/v2\/users\/4"}],"replies":[{"embeddable":true,"href":"https:\/\/www.messinaoggi.it\/website\/wp-json\/wp\/v2\/comments?post=45741"}],"version-history":[{"count":0,"href":"https:\/\/www.messinaoggi.it\/website\/wp-json\/wp\/v2\/posts\/45741\/revisions"}],"wp:featuredmedia":[{"embeddable":true,"href":"https:\/\/www.messinaoggi.it\/website\/wp-json\/wp\/v2\/media\/33338"}],"wp:attachment":[{"href":"https:\/\/www.messinaoggi.it\/website\/wp-json\/wp\/v2\/media?parent=45741"}],"wp:term":[{"taxonomy":"category","embeddable":true,"href":"https:\/\/www.messinaoggi.it\/website\/wp-json\/wp\/v2\/categories?post=45741"},{"taxonomy":"post_tag","embeddable":true,"href":"https:\/\/www.messinaoggi.it\/website\/wp-json\/wp\/v2\/tags?post=45741"}],"curies":[{"name":"wp","href":"https:\/\/api.w.org\/{rel}","templated":true}]}}