{"id":4574,"date":"2017-07-12T10:30:22","date_gmt":"2017-07-12T08:30:22","guid":{"rendered":"http:\/\/www.messinaoggi.it\/website\/?p=4574"},"modified":"2017-07-12T10:30:22","modified_gmt":"2017-07-12T08:30:22","slug":"giovani-avvocati-messina-giuseppe-irrera-nuovo-presidente","status":"publish","type":"post","link":"https:\/\/www.messinaoggi.it\/website\/2017\/07\/12\/giovani-avvocati-messina-giuseppe-irrera-nuovo-presidente\/","title":{"rendered":"Giovani avvocati Messina, Giuseppe Irrera nuovo presidente"},"content":{"rendered":"<p class=\"p1\">Giuseppe Irrera, giovane avvocato penalista, \u00e8 il nuovo presidente della Aiga, sezione di Messina. \u00c8 stato eletto per acclamazione ieri sera per il biennio 2017\/2019. Eletti anche gli altri componenti del Consiglio direttivo: Carlo Gullo, Enza Bontempo, Tatiana LiuzzoScorpo, Luigi Azzar\u00e0, Giuseppe Magaudda, Letterio Donato, Maria Andrea Bruzzaniti, Giuseppe Cannistr\u00e0, Andrea Caldarazzo, Alessio Mento, Giuseppe Maisano, Francesco Inferrera e Pio Benecchi.<div id=\"div-gpt-ad-Messinaoggi.it-DSK-300x250-corpoart\" style=\"text-align:center;margin:0 auto;\"><\/div><\/p>\n<p class=\"p1\"><span class=\"s1\">&#8220;Proseguiremo- ha dichiarato Irrera &#8211; \u00a0il lavoro intrapreso dal presidente uscente Nino De Francesco garantendo il nostro impegno nell&#8217;attivit\u00e0 scientifica e nell\u2019ambito della formazione. Ci occuperemo, inoltre, delle condizioni dei detenuti del carcere di Messina Gazzi perch\u00e9, come scriveva Dostoevskij &#8216;il grado di civilizzazione di una societ\u00e0 si misura dalle sue prigioni&#8217;. Ci impegneremo a proporre soluzioni e idee su nuove aree di mercato a Messina contro una crisi economica e di valori che ha colpito soprattutto le fasce pi\u00f9 deboli dell\u2019avvocatura, cio\u00e8 donne e giovani&#8221;.\u00a0<\/span><div id=\"videoincontent\" style=\"clear:both\";><\/div><\/p>\n<p class=\"p1\"><span class=\"s1\">Irrera ha ringraziato per l&#8217;attivit\u00e0 svolta il presidente uscente Nino De Francesco &#8220;capace &#8211; ha sottolineato &#8211; di riportare unit\u00e0 all&#8217;interno della sezione Aiga di Messina&#8221;. Nino De Francesco andr\u00e0 al Consiglio nazionale insieme con gli altri eletti: Ernesto Marcian\u00f2, Francesco Falzea e Caterina Veneziani.<\/span><\/p>\n<p class=\"p1\"><span class=\"s1\">Alla Consulta dei Praticanti andranno Marialaura Magaz\u00f9, Caterina Tricomi, Domenico Sgambellone, Viviana Tuscano, Giuseppe Trio, Liliana Ingiaimo e Fabrizio Terranova. Responsabile dello Sportello dei Praticanti sar\u00e0 Enrico Capizzoto.<\/span><\/p>\n<p class=\"p1\"><span class=\"s1\">Presenti all\u2019evento molti dei vecchi presidenti AIGA, sezione di Messina tra cui il delegato del Consiglio Nazionale Forense, Francesco Marullo di Condojanni, il gi\u00e0 presidente emerito del Consiglio dell\u2019Ordine degli Avvocati di Messina, Franco Celona, il Vice Presidente Nazionale della Cassa Forense Valter Militi, e i consiglieri dell\u2019Ordine Paolo Vermiglio, Aurelio Maiorana, Massimo Rizzo, Isabella Barone, Elena Florio e Raffaella Mastroeni.<\/span><\/p>\n","protected":false},"excerpt":{"rendered":"<p>Giuseppe Irrera, giovane avvocato penalista, \u00e8 il nuovo presidente della Aiga, sezione di Messina. \u00c8 stato eletto per acclamazione ieri sera per il biennio 2017\/2019. Eletti anche gli altri componenti del Consiglio direttivo: Carlo Gullo, Enza Bontempo, Tatiana LiuzzoScorpo, Luigi Azzar\u00e0, Giuseppe Magaudda, Letterio Donato, Maria Andrea Bruzzaniti, Giuseppe Cannistr\u00e0, Andrea Caldarazzo, Alessio Mento, Giuseppe [&hellip;]<\/p>\n","protected":false},"author":2,"featured_media":4575,"comment_status":"closed","ping_status":"open","sticky":false,"template":"","format":"standard","meta":{"ub_ctt_via":"","_mi_skip_tracking":false},"categories":[5],"tags":[],"featured_image_src":"https:\/\/www.messinaoggi.it\/website\/wp-content\/uploads\/2017\/07\/Irrera-Giuseppe-avvocato-2.jpg","author_info":{"display_name":"Redazione","author_link":"https:\/\/www.messinaoggi.it\/website\/author\/redazione\/"},"digistream_id":0,"digistream":false,"_links":{"self":[{"href":"https:\/\/www.messinaoggi.it\/website\/wp-json\/wp\/v2\/posts\/4574"}],"collection":[{"href":"https:\/\/www.messinaoggi.it\/website\/wp-json\/wp\/v2\/posts"}],"about":[{"href":"https:\/\/www.messinaoggi.it\/website\/wp-json\/wp\/v2\/types\/post"}],"author":[{"embeddable":true,"href":"https:\/\/www.messinaoggi.it\/website\/wp-json\/wp\/v2\/users\/2"}],"replies":[{"embeddable":true,"href":"https:\/\/www.messinaoggi.it\/website\/wp-json\/wp\/v2\/comments?post=4574"}],"version-history":[{"count":0,"href":"https:\/\/www.messinaoggi.it\/website\/wp-json\/wp\/v2\/posts\/4574\/revisions"}],"wp:featuredmedia":[{"embeddable":true,"href":"https:\/\/www.messinaoggi.it\/website\/wp-json\/wp\/v2\/media\/4575"}],"wp:attachment":[{"href":"https:\/\/www.messinaoggi.it\/website\/wp-json\/wp\/v2\/media?parent=4574"}],"wp:term":[{"taxonomy":"category","embeddable":true,"href":"https:\/\/www.messinaoggi.it\/website\/wp-json\/wp\/v2\/categories?post=4574"},{"taxonomy":"post_tag","embeddable":true,"href":"https:\/\/www.messinaoggi.it\/website\/wp-json\/wp\/v2\/tags?post=4574"}],"curies":[{"name":"wp","href":"https:\/\/api.w.org\/{rel}","templated":true}]}}