{"id":45738,"date":"2020-07-21T13:31:17","date_gmt":"2020-07-21T11:31:17","guid":{"rendered":"https:\/\/www.messinaoggi.it\/website\/?p=45738"},"modified":"2020-07-21T13:31:17","modified_gmt":"2020-07-21T11:31:17","slug":"razza-il-coronavirus-circola-ce-troppa-rilassatezza","status":"publish","type":"post","link":"https:\/\/www.messinaoggi.it\/website\/2020\/07\/21\/razza-il-coronavirus-circola-ce-troppa-rilassatezza\/","title":{"rendered":"Razza: &quot;Il Coronavirus circola, c&#039;\u00e8 troppa rilassatezza&quot;"},"content":{"rendered":"<p>&#8220;Abbiamo 113 contagiati in isolamento e 6 ricoverati al &#8220;San Marco&#8221; di Catania: uno di questi \u00e8 in terapia con respirazione assistita\u201d.<br \/>\nQuesti i numeri forniti dall\u2019assessore regionale alla Salute, Ruggero Razza, nell\u2019incontro con i giornalisti a Catania per fare il punto della situazione sul Coronavirus.<br \/>\n&#8220;I due cluster sono entrambi d\u2019importazione: in un caso di tratta di un lavoratore che ha avuto un contatto con un formatore che proveniva dal Nord Italia e nell\u2019altro si tratta di un soggetto che arrivava dal Kazakistan\u201d.<br \/>\n\u201cIl virus continua a circolare \u2013 rileva Razza \u2013 produce bassa ospedalizzazione, ma necessita di un\u2019azione di verifica dei contatti e di circoscrizione degli eventuali focolai\u201d.<br \/>\n\u201cTutto questo \u2013 prosegue l\u2019assessore \u2013 ci suggerisce 2 cose: c\u2019\u00e8 un po\u2019 troppa rilassatezza, si ha la percezione che il problema non esista pi\u00f9 mentre, al contrario, il contagio anche familiare ci dice che la rapidit\u00e0 di infezione resta elevata. Ci\u00f2 deve indurre i cittadini ad adottare con cautela e prudenza tutti gli accorgimenti comportamentali che tuttora sono da ritenere indispensabili. Indossare la mascherina e mantenere il distanziamento sociale resta importante\u201d.<br \/>\n\u201cDobbiamo riprendere a vivere \u2013 aggiunge Razza \u2013 ma dobbiamo anche sapere che bisogna proteggere le nostre attivit\u00e0 dal rischio che una maggiore diffusione del contagio possa produrre nuove restrizioni sul territorio.<br \/>\nE\u2019 fondamentale che chi viene posto in isolamento resti a casa. Ci \u00e8 capitato di constatare che in alcuni casi non \u00e8 stato cos\u00ec: c\u2019\u00e8 pure chi era andato a comprare le sigarette. Sono comportamenti inaccettabili e costituiscono reato&#8221;.<div id=\"div-gpt-ad-Messinaoggi.it-DSK-300x250-corpoart\" style=\"text-align:center;margin:0 auto;\"><\/div><\/p>\n<div id=\"videoincontent\" style=\"clear:both\";><\/div>","protected":false},"excerpt":{"rendered":"<p>&#8220;Abbiamo 113 contagiati in isolamento e 6 ricoverati al &#8220;San Marco&#8221; di Catania: uno di questi \u00e8 in terapia con respirazione assistita\u201d. Questi i numeri forniti dall\u2019assessore regionale alla Salute, Ruggero Razza, nell\u2019incontro con i giornalisti a Catania per fare il punto della situazione sul Coronavirus. &#8220;I due cluster sono entrambi d\u2019importazione: in un caso [&hellip;]<\/p>\n","protected":false},"author":4,"featured_media":45739,"comment_status":"closed","ping_status":"closed","sticky":false,"template":"","format":"standard","meta":{"ub_ctt_via":"","_mi_skip_tracking":false},"categories":[221],"tags":[],"featured_image_src":"https:\/\/www.messinaoggi.it\/website\/wp-content\/uploads\/2020\/07\/IMG-20200721-WA0006-1.jpg","author_info":{"display_name":"redme","author_link":"https:\/\/www.messinaoggi.it\/website\/author\/redme\/"},"digistream_id":0,"digistream":false,"_links":{"self":[{"href":"https:\/\/www.messinaoggi.it\/website\/wp-json\/wp\/v2\/posts\/45738"}],"collection":[{"href":"https:\/\/www.messinaoggi.it\/website\/wp-json\/wp\/v2\/posts"}],"about":[{"href":"https:\/\/www.messinaoggi.it\/website\/wp-json\/wp\/v2\/types\/post"}],"author":[{"embeddable":true,"href":"https:\/\/www.messinaoggi.it\/website\/wp-json\/wp\/v2\/users\/4"}],"replies":[{"embeddable":true,"href":"https:\/\/www.messinaoggi.it\/website\/wp-json\/wp\/v2\/comments?post=45738"}],"version-history":[{"count":0,"href":"https:\/\/www.messinaoggi.it\/website\/wp-json\/wp\/v2\/posts\/45738\/revisions"}],"wp:featuredmedia":[{"embeddable":true,"href":"https:\/\/www.messinaoggi.it\/website\/wp-json\/wp\/v2\/media\/45739"}],"wp:attachment":[{"href":"https:\/\/www.messinaoggi.it\/website\/wp-json\/wp\/v2\/media?parent=45738"}],"wp:term":[{"taxonomy":"category","embeddable":true,"href":"https:\/\/www.messinaoggi.it\/website\/wp-json\/wp\/v2\/categories?post=45738"},{"taxonomy":"post_tag","embeddable":true,"href":"https:\/\/www.messinaoggi.it\/website\/wp-json\/wp\/v2\/tags?post=45738"}],"curies":[{"name":"wp","href":"https:\/\/api.w.org\/{rel}","templated":true}]}}