{"id":45694,"date":"2020-07-20T11:14:51","date_gmt":"2020-07-20T09:14:51","guid":{"rendered":"https:\/\/www.messinaoggi.it\/website\/?p=45694"},"modified":"2020-07-20T11:14:51","modified_gmt":"2020-07-20T09:14:51","slug":"policlinico-fgu-chiede-la-nomina-di-un-commissario-straordinario","status":"publish","type":"post","link":"https:\/\/www.messinaoggi.it\/website\/2020\/07\/20\/policlinico-fgu-chiede-la-nomina-di-un-commissario-straordinario\/","title":{"rendered":"Policlinico, Fgu chiede la nomina di un commissario straordinario"},"content":{"rendered":"<p style=\"text-align: justify\">Il coordinatore generale della Fgu Paolo Todaro torna ad attaccare il management del Policlinico universitario di Messina. Questa volta ad essere finito sotto il suo mirino \u00e8 il dottor Antonino Levita che, cos\u00ec come evidenziato dal sindacalista, dal primo luglio sostituir\u00e0 temporaneamente l&#8217;ex direttore generale dell&#8217;ospedale Giuseppe Laganga, sino a quando il presidente della Regione Siciliana, d&#8217;intesa con il rettore dell&#8217;Ateneo peloritano, non nominer\u00e0 il nuovo direttore generale. Al riguardo, Todaro denuncia una serie di illegittimit\u00e0 sia con riferimento alla delibera di nomina di Levita quale gestore del Policlinico che relativamente alle delibere emanate da Levita stesso, chiedendo pertanto all&#8217;assessore regionale alla Salute di nominare un commissario straordinario.<div id=\"div-gpt-ad-Messinaoggi.it-DSK-300x250-corpoart\" style=\"text-align:center;margin:0 auto;\"><\/div><\/p>\n<p style=\"text-align: justify\">&#8220;Dal 1 luglio l\u2019AOU, &#8211; spiega Todaro &#8211; \u00e8 gestita dal Direttore Sanitario dott. Antonino Levita, in funzione della delega del Direttore Generale; tale delibera appare viziata di legittimit\u00e0 in primo luogo perch\u00e9 si riferisce a funzioni vicarie determinate dall\u2019assenza o impedimento del Direttore Generale, in secondo luogo perch\u00e9 \u00e8 generica e non definisce ambiti settoriali di attivit\u00e0 di adozione di singoli atti di diritto pubblico o privato. L\u2019art. 30 dell\u2019Atto Aziendale dell\u2019AOU, nonch\u00e9 l\u2019art. 20 della legge regionale n. 5\/2009 e non ultimo l\u2019art. 3 del D. Lgs. 502\/1999, fanno riferimento a delega di funzioni specifiche durante la permanenza in carica del Direttore Generale e non in caso di dimissioni; infatti nel casi di vacanza per dimissioni non si possono delegare le funzioni e i poteri propri del Direttore Generale, quali nomine e valutazioni di dirigenti, rappresentanza in giudizio, revoca di incarichi, convenzioni con enti pubblici, adozione di regolamenti, sicurezza sul lavoro. Le delibere attualmente emanate dal dott. Levita, riportano nel frontespizio \u201cDirettore Generale F.F., nominato con DDG n. 906 del 17.06.2020\u201d in maniera errata e illegittima secondo la scrivente, semmai egli \u00e8 Direttore Sanitario delegato nelle funzioni di Direttore Generale e non nominato.<div id=\"videoincontent\" style=\"clear:both\";><\/div><\/p>\n<p style=\"text-align: justify\">&#8220;Quanto esposto, risulta ancora pi\u00f9 aggravato se si considera che il Dott. Antonino Levita, sempre inspiegabilmente, risulta essere anche Responsabile del DAI dei Servizi, come concordato tra il Direttore Generale ed il Magnifico Rettore. A tal proposito si ribadisce che per la legislazione vigente il direttore di un DAI non pu\u00f2 che essere il responsabile di Unit\u00e0 Operativa complessa all\u2019interno dello stesso. Come se non bastasse, si coglie l\u2019occasione per ribadire che, il dott. Antonino Levita non possiede i requisiti per ricoprire il ruolo di Direttore Sanitario, come pi\u00f9 volte denunciato dalla scrivente O.S. a tutte le Istituzioni interessate nonch\u00e9 all\u2019Autorit\u00e0 Giudiziaria, registrando soltanto il silenzio e lasciando perseverare in maniera delinquenziale la violazione di leggi e normative vigenti all\u2019interno dell\u2019Azienda Ospedaliera. Non a caso la scrivente, ha insistentemente richiesto pi\u00f9 volte l\u2019invio di ispettori regionali e ministeriali per far luce sul grumo di interessi e cattiva gestione che imperversa all\u2019interno dell\u2019AOU Policlinico di Messina.<\/p>\n<p style=\"text-align: justify\">&#8220;Si chiede pertanto, nelle more della nomina da parte del Presidente della Regione Sicilia di un nuovo Direttore Generale, d\u2019intesa con il Magnifico Rettore, <strong>l\u2019immediata nomina da parte dell\u2019Assessore Regionale alla Salute di un commissario straordinario al fine di garantire la continuit\u00e0 gestionale dell\u2019AOU Policlinico di Messina<\/strong>&#8220;.<\/p>\n","protected":false},"excerpt":{"rendered":"<p>Il coordinatore generale della Fgu Paolo Todaro torna ad attaccare il management del Policlinico universitario di Messina. Questa volta ad essere finito sotto il suo mirino \u00e8 il dottor Antonino Levita che, cos\u00ec come evidenziato dal sindacalista, dal primo luglio sostituir\u00e0 temporaneamente l&#8217;ex direttore generale dell&#8217;ospedale Giuseppe Laganga, sino a quando il presidente della Regione [&hellip;]<\/p>\n","protected":false},"author":8,"featured_media":42542,"comment_status":"closed","ping_status":"closed","sticky":false,"template":"","format":"standard","meta":{"ub_ctt_via":"","_mi_skip_tracking":false},"categories":[5],"tags":[],"featured_image_src":"https:\/\/www.messinaoggi.it\/website\/wp-content\/uploads\/2020\/04\/Policlinico-di-Messina.jpg","author_info":{"display_name":"red..me","author_link":"https:\/\/www.messinaoggi.it\/website\/author\/redstage\/"},"digistream_id":0,"digistream":false,"_links":{"self":[{"href":"https:\/\/www.messinaoggi.it\/website\/wp-json\/wp\/v2\/posts\/45694"}],"collection":[{"href":"https:\/\/www.messinaoggi.it\/website\/wp-json\/wp\/v2\/posts"}],"about":[{"href":"https:\/\/www.messinaoggi.it\/website\/wp-json\/wp\/v2\/types\/post"}],"author":[{"embeddable":true,"href":"https:\/\/www.messinaoggi.it\/website\/wp-json\/wp\/v2\/users\/8"}],"replies":[{"embeddable":true,"href":"https:\/\/www.messinaoggi.it\/website\/wp-json\/wp\/v2\/comments?post=45694"}],"version-history":[{"count":0,"href":"https:\/\/www.messinaoggi.it\/website\/wp-json\/wp\/v2\/posts\/45694\/revisions"}],"wp:featuredmedia":[{"embeddable":true,"href":"https:\/\/www.messinaoggi.it\/website\/wp-json\/wp\/v2\/media\/42542"}],"wp:attachment":[{"href":"https:\/\/www.messinaoggi.it\/website\/wp-json\/wp\/v2\/media?parent=45694"}],"wp:term":[{"taxonomy":"category","embeddable":true,"href":"https:\/\/www.messinaoggi.it\/website\/wp-json\/wp\/v2\/categories?post=45694"},{"taxonomy":"post_tag","embeddable":true,"href":"https:\/\/www.messinaoggi.it\/website\/wp-json\/wp\/v2\/tags?post=45694"}],"curies":[{"name":"wp","href":"https:\/\/api.w.org\/{rel}","templated":true}]}}