{"id":45681,"date":"2020-07-18T22:10:39","date_gmt":"2020-07-18T20:10:39","guid":{"rendered":"https:\/\/www.messinaoggi.it\/website\/?p=45681"},"modified":"2020-07-18T22:10:39","modified_gmt":"2020-07-18T20:10:39","slug":"frecciata-di-musumeci-ai-dipendenti-regionali-sono-improduttivi","status":"publish","type":"post","link":"https:\/\/www.messinaoggi.it\/website\/2020\/07\/18\/frecciata-di-musumeci-ai-dipendenti-regionali-sono-improduttivi\/","title":{"rendered":"Frecciata di Musumeci ai dipendenti regionali: &quot;Sono improduttivi&quot;"},"content":{"rendered":"<p>Nello Musumeci ha preso di mira i dipendenti regionali, che definisce \u201cimproduttivi. L\u201980% di loro si gratta la pancia dalla mattina alla sera\u201d.<br \/>\n\u201cMa non ditelo ai sindacati \u2013 ha aggiunto \u2013 Ora vogliono stare ancora a casa per fare il \u2018lavoro agile\u2019. Ma se non lavorate in ufficio, come pensate di essere controllati a casa?\u201d.<br \/>\nNon si \u00e8 fatta attendere la reazione dei sindacati. \u201cAbbiamo ascoltato con profondo sconcerto le parole del governatore Nello Musumeci contro i dipendenti regionali: accuse ingiuste, immotivate e offensive per tutti i lavoratori che ogni giorno svolgono il proprio dovere con abnegazione, anche in condizioni difficili. Evidentemente Musumeci \u00e8 in difficolt\u00e0 e prova a coprire i fallimenti del suo governo puntando il dito contro l\u2019anello pi\u00f9 debole della catena, contro quei dipendenti che in piena pandemia hanno comunque lavorato e sono rientrati in servizio, nonostante la carenza dei dispositivi di sicurezza\u201d, riferiscono Giuseppe Badagliacca e Angelo Lo Curto del Siad-Cisal.<br \/>\n\u201cSe la macchina non funziona \u2013 aggiungono \u2013 non \u00e8 colpa dei dipendenti, ma di chi politicamente ne \u00e8 a capo. Adesso basta, la misura \u00e8 colma: valuteremo con i nostri legali se sussistono gli estremi per una querela, tutelando i lavoratori in ogni sede\u201d.<div id=\"div-gpt-ad-Messinaoggi.it-DSK-300x250-corpoart\" style=\"text-align:center;margin:0 auto;\"><\/div><\/p>\n<div id=\"lasic-1616420637\" class=\"lasic-dopo-il-contenuto\"><\/div>\n<div id=\"videoincontent\" style=\"clear:both\";><\/div>","protected":false},"excerpt":{"rendered":"<p>Nello Musumeci ha preso di mira i dipendenti regionali, che definisce \u201cimproduttivi. L\u201980% di loro si gratta la pancia dalla mattina alla sera\u201d. \u201cMa non ditelo ai sindacati \u2013 ha aggiunto \u2013 Ora vogliono stare ancora a casa per fare il \u2018lavoro agile\u2019. Ma se non lavorate in ufficio, come pensate di essere controllati a [&hellip;]<\/p>\n","protected":false},"author":4,"featured_media":43985,"comment_status":"closed","ping_status":"closed","sticky":false,"template":"","format":"standard","meta":{"ub_ctt_via":"","_mi_skip_tracking":false},"categories":[11],"tags":[],"featured_image_src":"https:\/\/www.messinaoggi.it\/website\/wp-content\/uploads\/2020\/05\/NelloMusumeci_serio_fg.jpg","author_info":{"display_name":"redme","author_link":"https:\/\/www.messinaoggi.it\/website\/author\/redme\/"},"digistream_id":0,"digistream":false,"_links":{"self":[{"href":"https:\/\/www.messinaoggi.it\/website\/wp-json\/wp\/v2\/posts\/45681"}],"collection":[{"href":"https:\/\/www.messinaoggi.it\/website\/wp-json\/wp\/v2\/posts"}],"about":[{"href":"https:\/\/www.messinaoggi.it\/website\/wp-json\/wp\/v2\/types\/post"}],"author":[{"embeddable":true,"href":"https:\/\/www.messinaoggi.it\/website\/wp-json\/wp\/v2\/users\/4"}],"replies":[{"embeddable":true,"href":"https:\/\/www.messinaoggi.it\/website\/wp-json\/wp\/v2\/comments?post=45681"}],"version-history":[{"count":0,"href":"https:\/\/www.messinaoggi.it\/website\/wp-json\/wp\/v2\/posts\/45681\/revisions"}],"wp:featuredmedia":[{"embeddable":true,"href":"https:\/\/www.messinaoggi.it\/website\/wp-json\/wp\/v2\/media\/43985"}],"wp:attachment":[{"href":"https:\/\/www.messinaoggi.it\/website\/wp-json\/wp\/v2\/media?parent=45681"}],"wp:term":[{"taxonomy":"category","embeddable":true,"href":"https:\/\/www.messinaoggi.it\/website\/wp-json\/wp\/v2\/categories?post=45681"},{"taxonomy":"post_tag","embeddable":true,"href":"https:\/\/www.messinaoggi.it\/website\/wp-json\/wp\/v2\/tags?post=45681"}],"curies":[{"name":"wp","href":"https:\/\/api.w.org\/{rel}","templated":true}]}}