{"id":45666,"date":"2020-07-18T16:52:48","date_gmt":"2020-07-18T14:52:48","guid":{"rendered":"https:\/\/www.messinaoggi.it\/website\/?p=45666"},"modified":"2020-07-18T16:52:48","modified_gmt":"2020-07-18T14:52:48","slug":"basket-lala-federico-manfre-prosegue-la-sua-avventura-con-zs-group-messina","status":"publish","type":"post","link":"https:\/\/www.messinaoggi.it\/website\/2020\/07\/18\/basket-lala-federico-manfre-prosegue-la-sua-avventura-con-zs-group-messina\/","title":{"rendered":"BASKET &#8211; L&#039;ala Federico Manfr\u00e8 prosegue la sua avventura con ZS Group Messina"},"content":{"rendered":"<h6 style=\"text-align: justify\"><em><strong>Prosegue proficuamente il lavoro dei dirigenti della ZS Group Messina in vista della nuova stagione agonistica<\/strong><\/em><\/h6>\n<p> <div id=\"div-gpt-ad-Messinaoggi.it-DSK-300x250-corpoart\" style=\"text-align:center;margin:0 auto;\"><\/div><\/p>\n<p style=\"text-align: justify\">Il club peloritano, dopo le firme di De Angelis, Busco e Genovese, ufficializza un\u2019altra importante operazione di mercato. La quarta conferma della Basket School Messina \u00e8 Federico Manfr\u00e8, ala forte di 194 cm, nato a Palermo il 21 dicembre 1996.<div id=\"videoincontent\" style=\"clear:both\";><\/div><\/p>\n<p style=\"text-align: justify\">A 23 anni Manfr\u00e8 si potrebbe definire un veterano della C Silver, che disputer\u00e0 per la quinta stagione consecutiva dopo le esperienze con la Costa d\u2019Orlando nel 2016\/17, dove vince il campionato da under (3.7 ppg con 121 punti realizzati in 33 presenze), con la Libertas Alcamo (10.2 di media in 22 gare disputate nel torneo 2017\/18 e 14.4 di media in 27 partite nel successivo). La sua carriera, dopo l\u2019esperienza nella Scuola Basket Viola \u00e8 partita proprio da Alcamo in C2 nel 2012\/13, poi l\u2019Under 15 Eccellenza di\u00a0Veroli\u00a0(9.5 ppg). Infine la stagione vissuta ad\u00a0Agropoli\u00a0(A2) ed\u00a0Anagni\u00a0(C Regionale) prima del ritorno in Sicilia.<\/p>\n<p style=\"text-align: justify\">Giocatore dalle ottime qualit\u00e0 atletiche, forte a rimbalzo, dotato di grande versatilit\u00e0 che gli permette di occupare diverse posizioni in campo, Manfr\u00e8 pu\u00f2 vantare anche ottime percentuali al tiro dalla media e dalla lunga distanza. Tra i primi dieci cannonieri del girone, nella scorsa stagione Federico \u00e8 stato uno dei giocatori pi\u00f9 prolifici della Basket School Messina, secondo solo al bomber Warden: 351 punti in 22 gare giocate (16 di media), con un best di 29 punti in casa dell\u2019Adrano.<\/p>\n<div id=\"attachment_45667\" style=\"width: 486px\" class=\"wp-caption alignright\"><img aria-describedby=\"caption-attachment-45667\" loading=\"lazy\" class=\" wp-image-45667\" src=\"https:\/\/www.messinaoggi.it\/website\/wp-content\/uploads\/2020\/07\/Federico-Manfr\u00e8-firma-17-283x300.jpeg\" alt=\"\" width=\"476\" height=\"505\" \/><p id=\"caption-attachment-45667\" class=\"wp-caption-text\">Federico Manfr\u00e8 appone la firma sul contratto<\/p><\/div>\n<p style=\"text-align: justify\">Atleta molto richiesto gi\u00e0 nella scorsa sessione invernale del mercato, Federico ha scelto di continuare la sua avventura sulla sponda siciliana dello Stretto: \u201c<em>Sicuramente uno dei motivi che mi hanno portato a compiere questa scelta \u00e8 un po\u2019 il rammarico di non aver potuto finire la stagione l\u2019anno scorso. Eravamo lanciati in corsa e sembrava che nessuno ci avrebbe potuto fermare\u201d. <\/em><\/p>\n<p style=\"text-align: justify\">Ma non sono solo questi i motivi della sua scelta:<em> \u201cPoi il forte rapporto che si \u00e8 creato con i miei compagni di squadra, gli allenatori e i dirigenti ha influito moltissimo perch\u00e9 quando ti trovi bene in un posto ti viene voglia di tornarci\u201d. <\/em><\/p>\n<p style=\"text-align: justify\">Rimanere a Messina per Federico significa anche proseguire il proprio percorso di crescita:<em> \u201cOvviamente vogliamo ripetere la splendida stagione dell\u2019anno scorso e provare nuovamente a fare qualcosa di importante, penso che abbiamo tutte le carte in regola per poterci riuscire. Personalmente spero di fare il meglio sia per me che per i miei compagni mettermi a disposizione dell\u2019allenatore e perch\u00e9 no cercare di portare Messina in una categoria superiore\u201d.<\/em><\/p>\n<p style=\"text-align: justify\">La Basket School Messina, ringrazia Donatello Viggiano, agente di Federico Manfr\u00e8, per il positivo esito della trattativa.<\/p>\n","protected":false},"excerpt":{"rendered":"<p>Prosegue proficuamente il lavoro dei dirigenti della ZS Group Messina in vista della nuova stagione agonistica Il club peloritano, dopo le firme di De Angelis, Busco e Genovese, ufficializza un\u2019altra importante operazione di mercato. La quarta conferma della Basket School Messina \u00e8 Federico Manfr\u00e8, ala forte di 194 cm, nato a Palermo il 21 dicembre [&hellip;]<\/p>\n","protected":false},"author":17,"featured_media":45668,"comment_status":"closed","ping_status":"closed","sticky":false,"template":"","format":"standard","meta":{"ub_ctt_via":"","_mi_skip_tracking":false},"categories":[8,9],"tags":[138,156],"featured_image_src":"https:\/\/www.messinaoggi.it\/website\/wp-content\/uploads\/2020\/07\/Federico-Manfre-in-azione-foto-Giovanni-Mazzullo.jpg","author_info":{"display_name":"Giuseppe Luppino","author_link":"https:\/\/www.messinaoggi.it\/website\/author\/g-luppino\/"},"digistream_id":0,"digistream":false,"_links":{"self":[{"href":"https:\/\/www.messinaoggi.it\/website\/wp-json\/wp\/v2\/posts\/45666"}],"collection":[{"href":"https:\/\/www.messinaoggi.it\/website\/wp-json\/wp\/v2\/posts"}],"about":[{"href":"https:\/\/www.messinaoggi.it\/website\/wp-json\/wp\/v2\/types\/post"}],"author":[{"embeddable":true,"href":"https:\/\/www.messinaoggi.it\/website\/wp-json\/wp\/v2\/users\/17"}],"replies":[{"embeddable":true,"href":"https:\/\/www.messinaoggi.it\/website\/wp-json\/wp\/v2\/comments?post=45666"}],"version-history":[{"count":0,"href":"https:\/\/www.messinaoggi.it\/website\/wp-json\/wp\/v2\/posts\/45666\/revisions"}],"wp:featuredmedia":[{"embeddable":true,"href":"https:\/\/www.messinaoggi.it\/website\/wp-json\/wp\/v2\/media\/45668"}],"wp:attachment":[{"href":"https:\/\/www.messinaoggi.it\/website\/wp-json\/wp\/v2\/media?parent=45666"}],"wp:term":[{"taxonomy":"category","embeddable":true,"href":"https:\/\/www.messinaoggi.it\/website\/wp-json\/wp\/v2\/categories?post=45666"},{"taxonomy":"post_tag","embeddable":true,"href":"https:\/\/www.messinaoggi.it\/website\/wp-json\/wp\/v2\/tags?post=45666"}],"curies":[{"name":"wp","href":"https:\/\/api.w.org\/{rel}","templated":true}]}}