{"id":45663,"date":"2020-07-18T12:31:56","date_gmt":"2020-07-18T10:31:56","guid":{"rendered":"https:\/\/www.messinaoggi.it\/website\/?p=45663"},"modified":"2020-07-18T12:31:56","modified_gmt":"2020-07-18T10:31:56","slug":"raid-notturno-alla-v-circoscrizione-cute-e-uno-schifo","status":"publish","type":"post","link":"https:\/\/www.messinaoggi.it\/website\/2020\/07\/18\/raid-notturno-alla-v-circoscrizione-cute-e-uno-schifo\/","title":{"rendered":"Raid notturno alla V Circoscrizione. Cut\u00e8: &quot;E&#039; uno schifo&quot;"},"content":{"rendered":"<p>Invasione barbarica nei locali della V Circoscrizione. Ignoti si sono introdotti questa notte nella sede, dove sono state rubate alcune strumentazioni audio che si utilizzavano per le feste.<br \/>\nMisero il bottino, grande il danno alla collettivit\u00e0.<br \/>\nA denunciare l&#8217;accaduto \u00e8 Ivan Cut\u00e8, che ovviamente condanna l&#8217;accaduto. &#8220;Sono state rubate attrezzature che utilizzavamo per le feste del nostro quartiere e che erano a disposizione gratuita di tutti.<br \/>\nRubare \u00e8 un crimine &#8211; conclude Cut\u00e8 &#8211; rubare una cosa della collettivit\u00e0 fa ancora pi\u00f9 schifo&#8221;.<div id=\"div-gpt-ad-Messinaoggi.it-DSK-300x250-corpoart\" style=\"text-align:center;margin:0 auto;\"><\/div><\/p>\n<div id=\"videoincontent\" style=\"clear:both\";><\/div>","protected":false},"excerpt":{"rendered":"<p>Invasione barbarica nei locali della V Circoscrizione. Ignoti si sono introdotti questa notte nella sede, dove sono state rubate alcune strumentazioni audio che si utilizzavano per le feste. Misero il bottino, grande il danno alla collettivit\u00e0. A denunciare l&#8217;accaduto \u00e8 Ivan Cut\u00e8, che ovviamente condanna l&#8217;accaduto. &#8220;Sono state rubate attrezzature che utilizzavamo per le feste [&hellip;]<\/p>\n","protected":false},"author":4,"featured_media":45664,"comment_status":"closed","ping_status":"closed","sticky":false,"template":"","format":"standard","meta":{"ub_ctt_via":"","_mi_skip_tracking":false},"categories":[6],"tags":[],"featured_image_src":"https:\/\/www.messinaoggi.it\/website\/wp-content\/uploads\/2020\/07\/IMG-20200718-WA0001.jpg","author_info":{"display_name":"redme","author_link":"https:\/\/www.messinaoggi.it\/website\/author\/redme\/"},"digistream_id":0,"digistream":false,"_links":{"self":[{"href":"https:\/\/www.messinaoggi.it\/website\/wp-json\/wp\/v2\/posts\/45663"}],"collection":[{"href":"https:\/\/www.messinaoggi.it\/website\/wp-json\/wp\/v2\/posts"}],"about":[{"href":"https:\/\/www.messinaoggi.it\/website\/wp-json\/wp\/v2\/types\/post"}],"author":[{"embeddable":true,"href":"https:\/\/www.messinaoggi.it\/website\/wp-json\/wp\/v2\/users\/4"}],"replies":[{"embeddable":true,"href":"https:\/\/www.messinaoggi.it\/website\/wp-json\/wp\/v2\/comments?post=45663"}],"version-history":[{"count":0,"href":"https:\/\/www.messinaoggi.it\/website\/wp-json\/wp\/v2\/posts\/45663\/revisions"}],"wp:featuredmedia":[{"embeddable":true,"href":"https:\/\/www.messinaoggi.it\/website\/wp-json\/wp\/v2\/media\/45664"}],"wp:attachment":[{"href":"https:\/\/www.messinaoggi.it\/website\/wp-json\/wp\/v2\/media?parent=45663"}],"wp:term":[{"taxonomy":"category","embeddable":true,"href":"https:\/\/www.messinaoggi.it\/website\/wp-json\/wp\/v2\/categories?post=45663"},{"taxonomy":"post_tag","embeddable":true,"href":"https:\/\/www.messinaoggi.it\/website\/wp-json\/wp\/v2\/tags?post=45663"}],"curies":[{"name":"wp","href":"https:\/\/api.w.org\/{rel}","templated":true}]}}