{"id":45608,"date":"2020-07-16T15:28:59","date_gmt":"2020-07-16T13:28:59","guid":{"rendered":"https:\/\/www.messinaoggi.it\/website\/?p=45608"},"modified":"2020-07-16T15:28:59","modified_gmt":"2020-07-16T13:28:59","slug":"rally-confermato-il-rally-del-tirreno-in-programma-in-data-8-e-9-agosto","status":"publish","type":"post","link":"https:\/\/www.messinaoggi.it\/website\/2020\/07\/16\/rally-confermato-il-rally-del-tirreno-in-programma-in-data-8-e-9-agosto\/","title":{"rendered":"RALLY &#8211; Confermato il &quot;Rally del Tirreno&quot; in programma in data 8 e 9 agosto"},"content":{"rendered":"<div>\n<h6><em><strong>Meticoloso lavoro di Top Competition per la 17^ edizione moderna e 4^ storica della gara messinese dell&#8217;8 e 9 agosto valida per la Coppa Rally di 8^ Zona, Trofeo Rally di Zona, Campionato Siciliano e Trofeo Rally Sicilia. Iscrizioni solo online fino a mercoledi 29 luglio<\/strong><\/em><\/h6>\n<p> <br \/>\nIl lavoro di preparazione continua costantemente come le tappe di avvicinamento al 17\u00b0 Rally del Tirreno e 4\u00b0 Tirreno Historic Rally, in programma nei giorni 8 e 9 agosto.\n<div id=\"div-gpt-ad-Messinaoggi.it-DSK-300x250-corpoart\" style=\"text-align:center;margin:0 auto;\"><\/div><\/p><\/div>\n<div class=\"testo\">\nGli organizzatori di Top Competition proseguono nell\u2019intenso ed articolato lavoro di organizzazione per adeguare ogni fase della gara alle normative in vigore ed alle direttive ACI.<br \/>\nGi\u00e0 a pieno regime le iscrizioni che proseguiranno, esclusivamente con modalit\u00e0 o line, fino a mercoled\u00ec 29 luglio. Tutti gli elementi sono al loro posto per garantire l\u2019intenso ma sereno proseguimento del lavoro nelle tappe d\u2019avvicinamento alla gara che anche quest\u2019anno si svolger\u00e0 in notturna.<br \/>\nIl 17\u00b0 Rally del Tirreno ha validit\u00e0 per la Coppa Rally di 8^ Zona con coefficiente di moltiplicazione del punteggio 1,5 e Trofeo Rally Sicilia con coefficiente 2,5; il 4\u00b0 Tirreno Historic Rally inaugura il TRZ (Trofeo Rally di Zona) per la 4^ Zona, entrambi hanno validit\u00e0 per il Campionato Siciliano con coefficiente 1,5.<br \/>\n<div id=\"attachment_45609\" style=\"width: 410px\" class=\"wp-caption alignright\"><img aria-describedby=\"caption-attachment-45609\" loading=\"lazy\" class=\" wp-image-45609\" src=\"https:\/\/www.messinaoggi.it\/website\/wp-content\/uploads\/2020\/07\/armaleo_peugeot-300x185.jpg\" alt=\"\" width=\"400\" height=\"247\" \/><p id=\"caption-attachment-45609\" class=\"wp-caption-text\">Armaleo, Peugeot<\/p><\/div>\n<\/div>\n<div class=\"testo\">\nSono state fermamente smentite da Top Competiton le notizie relative a difficolt\u00e0 nel progresso del lavoro. Il sodalizio torrese continua a trovare competente disponibilit\u00e0 presso tutti gli interlocutori ed in particolare presso le Autorit\u00e0 preposte.<br \/>\n-\u201c<em>Le esigenze di sicurezza sanitaria e sportiva sono elevate<\/em> &#8211; sottolinea la Presidente Top Competition Maria Grazia Bisazza &#8211; <em>teniamo tanto al nostro sport che stiamo proferendo ogni sforzo per garantire piena serenit\u00e0 e sicurezza alla nostra gara. Confidiamo nella professionalit\u00e0 di ogni figura coinvolta nella gara, ma anche sullo spiccato senso di responsabilit\u00e0 del pubblico e degli appassionati<\/em>\u201d-.<br \/>\n \n<\/div>\n<div><\/div>\n<div id=\"videoincontent\" style=\"clear:both\";><\/div>","protected":false},"excerpt":{"rendered":"<p>Meticoloso lavoro di Top Competition per la 17^ edizione moderna e 4^ storica della gara messinese dell&#8217;8 e 9 agosto valida per la Coppa Rally di 8^ Zona, Trofeo Rally di Zona, Campionato Siciliano e Trofeo Rally Sicilia. Iscrizioni solo online fino a mercoledi 29 luglio Il lavoro di preparazione continua costantemente come le tappe [&hellip;]<\/p>\n","protected":false},"author":17,"featured_media":45610,"comment_status":"closed","ping_status":"closed","sticky":false,"template":"","format":"standard","meta":{"ub_ctt_via":"","_mi_skip_tracking":false},"categories":[8,9],"tags":[267],"featured_image_src":"https:\/\/www.messinaoggi.it\/website\/wp-content\/uploads\/2020\/07\/nucita_renault.jpg","author_info":{"display_name":"Giuseppe Luppino","author_link":"https:\/\/www.messinaoggi.it\/website\/author\/g-luppino\/"},"digistream_id":0,"digistream":false,"_links":{"self":[{"href":"https:\/\/www.messinaoggi.it\/website\/wp-json\/wp\/v2\/posts\/45608"}],"collection":[{"href":"https:\/\/www.messinaoggi.it\/website\/wp-json\/wp\/v2\/posts"}],"about":[{"href":"https:\/\/www.messinaoggi.it\/website\/wp-json\/wp\/v2\/types\/post"}],"author":[{"embeddable":true,"href":"https:\/\/www.messinaoggi.it\/website\/wp-json\/wp\/v2\/users\/17"}],"replies":[{"embeddable":true,"href":"https:\/\/www.messinaoggi.it\/website\/wp-json\/wp\/v2\/comments?post=45608"}],"version-history":[{"count":0,"href":"https:\/\/www.messinaoggi.it\/website\/wp-json\/wp\/v2\/posts\/45608\/revisions"}],"wp:featuredmedia":[{"embeddable":true,"href":"https:\/\/www.messinaoggi.it\/website\/wp-json\/wp\/v2\/media\/45610"}],"wp:attachment":[{"href":"https:\/\/www.messinaoggi.it\/website\/wp-json\/wp\/v2\/media?parent=45608"}],"wp:term":[{"taxonomy":"category","embeddable":true,"href":"https:\/\/www.messinaoggi.it\/website\/wp-json\/wp\/v2\/categories?post=45608"},{"taxonomy":"post_tag","embeddable":true,"href":"https:\/\/www.messinaoggi.it\/website\/wp-json\/wp\/v2\/tags?post=45608"}],"curies":[{"name":"wp","href":"https:\/\/api.w.org\/{rel}","templated":true}]}}