{"id":4557,"date":"2017-07-11T19:14:13","date_gmt":"2017-07-11T17:14:13","guid":{"rendered":"http:\/\/www.messinaoggi.it\/website\/?p=4557"},"modified":"2017-07-11T19:14:13","modified_gmt":"2017-07-11T17:14:13","slug":"crudelta-roghi-esercenti-sbandati-supermercato-a-curcuraci-senza-luce-da-2-giorni","status":"publish","type":"post","link":"https:\/\/www.messinaoggi.it\/website\/2017\/07\/11\/crudelta-roghi-esercenti-sbandati-supermercato-a-curcuraci-senza-luce-da-2-giorni\/","title":{"rendered":"Crudelt\u00e0 roghi, esercenti sbandati: supermercato a Curcuraci senza luce da 2 giorni"},"content":{"rendered":"<p style=\"text-align: justify\">C\u2019\u00e8 chi ha gi\u00e0 perso la casa sulla riviera tirrenica del messinese e chi rischia di perderla in queste lunghe giornate perch\u00e9 le fiamme stanno irrompendo dalle montagne Ciccia e Carbonaro, all\u2019interno di qualche condominio e di aree parcheggio di appartamenti, quasi lambendone le finestre. Tutto questo sta accadendo in questa ultima parte del pomeriggio, ad una delle cooperative Iacp denominata \u201cScacciapensieri\u201d ma \u00e8 gi\u00e0 toccato ieri pomeriggio ad altre casette del villaggio Annunziata in contrada Catanese, con tanto di evacuazione preventiva da parte del Comune di Messina, seguita dal rientro dopo qualche ora. Nel villaggio Annunziata, sempre ieri \u00e8 pervaso il black out per circa due ore dalle 18 circa alle 20. Oggi nella zona di Paradiso.<div id=\"div-gpt-ad-Messinaoggi.it-DSK-300x250-corpoart\" style=\"text-align:center;margin:0 auto;\"><\/div><\/p>\n<p style=\"text-align: justify\"><img loading=\"lazy\" class=\"alignnone size-medium wp-image-4558\" src=\"http:\/\/www.messinaoggi.it\/website\/wp-content\/uploads\/2017\/07\/curcuraci-bruciato-dopo-incendi-messinaoggi-300x168.jpg\" alt=\"\" width=\"300\" height=\"168\" \/>Ma i disagi non sono quelli ad abitazioni private che fino a questo momento sono state protette al meglio, bens\u00ec soprattutto ai terreni agricoli ed a titolari d\u2019imprese che sono stati investiti dai roghi nelle loro strutture oppure nei loro servizi di utilit\u00e0. Uno su tutti, l\u2019Ard discount di Curcuraci la cui cabina elettrica evidentemente \u00e8 stata colpita dalle fiamme, al punto da lasciarlo senza luce da ben giorni ma solo con il funzionamento del gruppo elettrogeno e le casse attive. Si pu\u00f2 intuire la gravit\u00e0 del danno per un supermercato che conserva prodotti alimentari nei banchi frigo con carni, formaggi e surgelati di ogni tipo: tutta la merce potrebbe avariarsi e chi risarcir\u00e0 il proprietario? Questo non \u00e8 dato sapere. Fatto sta che l\u2019attivit\u00e0 commerciale sta attraversando 48 ore di passione, senza conoscere quale sar\u00e0 il futuro imminente del suo negozio, insieme ai prodotti da vendita.<div id=\"videoincontent\" style=\"clear:both\";><\/div><\/p>\n","protected":false},"excerpt":{"rendered":"<p>C\u2019\u00e8 chi ha gi\u00e0 perso la casa sulla riviera tirrenica del messinese e chi rischia di perderla in queste lunghe giornate perch\u00e9 le fiamme stanno irrompendo dalle montagne Ciccia e Carbonaro, all\u2019interno di qualche condominio e di aree parcheggio di appartamenti, quasi lambendone le finestre. Tutto questo sta accadendo in questa ultima parte del pomeriggio, [&hellip;]<\/p>\n","protected":false},"author":7,"featured_media":4559,"comment_status":"closed","ping_status":"open","sticky":false,"template":"","format":"standard","meta":{"ub_ctt_via":"","_mi_skip_tracking":false},"categories":[5],"tags":[],"featured_image_src":"https:\/\/www.messinaoggi.it\/website\/wp-content\/uploads\/2017\/07\/curcuraci-bruciato-da-abitazioni-messinaoggi-2.jpg","author_info":{"display_name":"Redazione1","author_link":"https:\/\/www.messinaoggi.it\/website\/author\/redazione1\/"},"digistream_id":0,"digistream":false,"_links":{"self":[{"href":"https:\/\/www.messinaoggi.it\/website\/wp-json\/wp\/v2\/posts\/4557"}],"collection":[{"href":"https:\/\/www.messinaoggi.it\/website\/wp-json\/wp\/v2\/posts"}],"about":[{"href":"https:\/\/www.messinaoggi.it\/website\/wp-json\/wp\/v2\/types\/post"}],"author":[{"embeddable":true,"href":"https:\/\/www.messinaoggi.it\/website\/wp-json\/wp\/v2\/users\/7"}],"replies":[{"embeddable":true,"href":"https:\/\/www.messinaoggi.it\/website\/wp-json\/wp\/v2\/comments?post=4557"}],"version-history":[{"count":0,"href":"https:\/\/www.messinaoggi.it\/website\/wp-json\/wp\/v2\/posts\/4557\/revisions"}],"wp:featuredmedia":[{"embeddable":true,"href":"https:\/\/www.messinaoggi.it\/website\/wp-json\/wp\/v2\/media\/4559"}],"wp:attachment":[{"href":"https:\/\/www.messinaoggi.it\/website\/wp-json\/wp\/v2\/media?parent=4557"}],"wp:term":[{"taxonomy":"category","embeddable":true,"href":"https:\/\/www.messinaoggi.it\/website\/wp-json\/wp\/v2\/categories?post=4557"},{"taxonomy":"post_tag","embeddable":true,"href":"https:\/\/www.messinaoggi.it\/website\/wp-json\/wp\/v2\/tags?post=4557"}],"curies":[{"name":"wp","href":"https:\/\/api.w.org\/{rel}","templated":true}]}}