{"id":45554,"date":"2020-07-14T14:03:35","date_gmt":"2020-07-14T12:03:35","guid":{"rendered":"https:\/\/www.messinaoggi.it\/website\/?p=45554"},"modified":"2020-07-14T14:03:35","modified_gmt":"2020-07-14T12:03:35","slug":"fulco-e-adamo-la-fibra-blocca-i-lavori-alla-frana-di-reginella","status":"publish","type":"post","link":"https:\/\/www.messinaoggi.it\/website\/2020\/07\/14\/fulco-e-adamo-la-fibra-blocca-i-lavori-alla-frana-di-reginella\/","title":{"rendered":"Fulco: &quot;La fibra blocca i lavori per la frana di Reginella&quot;"},"content":{"rendered":"<p align=\"justify\">Ancora intoppi per la frana di Reginella. Li denunciano il consigliere della V Municipalit\u00e0,\u00a0 Lorena Fulco ed il presidente dell&#8217;associazione Vento dello Stretto Vento, Piero Adamo.<div id=\"div-gpt-ad-Messinaoggi.it-DSK-300x250-corpoart\" style=\"text-align:center;margin:0 auto;\"><\/div><\/p>\n<p align=\"justify\">&#8220;Abbiamo appreso che da qualche giorno sono stati sospesi i lavori sulla strada San Michele &#8211; Portella per la rimozione della frana risalente a dicembre 2018.<div id=\"videoincontent\" style=\"clear:both\";><\/div><\/p>\n<p align=\"justify\">Inizialmente si \u00e8 parlato di un fermo dovuto ai lavori stessi di palificazione, ma \u00e8 notizia di ieri che gli operai sono stati costretti al fermo perch\u00e9 durante gli scavi hanno trovato davanti a loro i cavi per la fibra ottica, posizionati gi\u00e0 da tempo.<\/p>\n<p align=\"justify\">La proposta \u00e8 dunque questa: nell\u2019attesa che il comune trovi una soluzione ed un accordo con le rispettive ditte, non sarebbe il caso di riaprire la strada al transito con un senso unico alternato? Di tempo ne \u00e8 stato perso gi\u00e0 troppo, i cittadini non possono pi\u00f9 aspettare&#8221;.<\/p>\n","protected":false},"excerpt":{"rendered":"<p>Ancora intoppi per la frana di Reginella. Li denunciano il consigliere della V Municipalit\u00e0,\u00a0 Lorena Fulco ed il presidente dell&#8217;associazione Vento dello Stretto Vento, Piero Adamo. &#8220;Abbiamo appreso che da qualche giorno sono stati sospesi i lavori sulla strada San Michele &#8211; Portella per la rimozione della frana risalente a dicembre 2018. Inizialmente si \u00e8 [&hellip;]<\/p>\n","protected":false},"author":4,"featured_media":45491,"comment_status":"closed","ping_status":"closed","sticky":false,"template":"","format":"standard","meta":{"ub_ctt_via":"","_mi_skip_tracking":false},"categories":[6],"tags":[],"featured_image_src":"https:\/\/www.messinaoggi.it\/website\/wp-content\/uploads\/2020\/07\/IMG-20200711-WA0014.jpg","author_info":{"display_name":"redme","author_link":"https:\/\/www.messinaoggi.it\/website\/author\/redme\/"},"digistream_id":0,"digistream":false,"_links":{"self":[{"href":"https:\/\/www.messinaoggi.it\/website\/wp-json\/wp\/v2\/posts\/45554"}],"collection":[{"href":"https:\/\/www.messinaoggi.it\/website\/wp-json\/wp\/v2\/posts"}],"about":[{"href":"https:\/\/www.messinaoggi.it\/website\/wp-json\/wp\/v2\/types\/post"}],"author":[{"embeddable":true,"href":"https:\/\/www.messinaoggi.it\/website\/wp-json\/wp\/v2\/users\/4"}],"replies":[{"embeddable":true,"href":"https:\/\/www.messinaoggi.it\/website\/wp-json\/wp\/v2\/comments?post=45554"}],"version-history":[{"count":0,"href":"https:\/\/www.messinaoggi.it\/website\/wp-json\/wp\/v2\/posts\/45554\/revisions"}],"wp:featuredmedia":[{"embeddable":true,"href":"https:\/\/www.messinaoggi.it\/website\/wp-json\/wp\/v2\/media\/45491"}],"wp:attachment":[{"href":"https:\/\/www.messinaoggi.it\/website\/wp-json\/wp\/v2\/media?parent=45554"}],"wp:term":[{"taxonomy":"category","embeddable":true,"href":"https:\/\/www.messinaoggi.it\/website\/wp-json\/wp\/v2\/categories?post=45554"},{"taxonomy":"post_tag","embeddable":true,"href":"https:\/\/www.messinaoggi.it\/website\/wp-json\/wp\/v2\/tags?post=45554"}],"curies":[{"name":"wp","href":"https:\/\/api.w.org\/{rel}","templated":true}]}}