{"id":45435,"date":"2020-07-09T21:29:49","date_gmt":"2020-07-09T19:29:49","guid":{"rendered":"https:\/\/www.messinaoggi.it\/website\/?p=45435"},"modified":"2020-07-09T21:29:49","modified_gmt":"2020-07-09T19:29:49","slug":"biblioteca-comunale-e-archivio-storico-orari-di-luglio-ed-agosto","status":"publish","type":"post","link":"https:\/\/www.messinaoggi.it\/website\/2020\/07\/09\/biblioteca-comunale-e-archivio-storico-orari-di-luglio-ed-agosto\/","title":{"rendered":"Biblioteca comunale e Archivio storico, ecco gli orari di luglio ed agosto"},"content":{"rendered":"<p style=\"text-align: left;\">La biblioteca comunale \u201cTommaso Cannizzaro\u201d e l\u2019Archivio storico al Palacultura sino al 6 agosto saranno fruibili all\u2019utenza per consultazioni, prestiti, ricerche bibliografiche e studio in Sala lettura, il marted\u00ec e gioved\u00ec, dalle ore 9 alle 13 e dalle 15 alle 16.45, e la mattina del mercoled\u00ec dalle 9 alle 13.<div id=\"div-gpt-ad-Messinaoggi.it-DSK-300x250-corpoart\" style=\"text-align:center;margin:0 auto;\"><\/div><\/p>\n<p style=\"text-align: left;\">Per l\u2019accesso gli utenti dovranno essere muniti di mascherina.<div id=\"videoincontent\" style=\"clear:both\";><\/div><\/p>\n<p style=\"text-align: left;\">Nel mese di agosto, da venerd\u00ec 7 a luned\u00ec 24, per la pausa estiva le strutture saranno chiuse al pubblico e la normale attivit\u00e0 riprender\u00e0 regolarmente da marted\u00ec 25 agosto.<\/p>\n","protected":false},"excerpt":{"rendered":"<p>La biblioteca comunale \u201cTommaso Cannizzaro\u201d e l\u2019Archivio storico al Palacultura sino al 6 agosto saranno fruibili all\u2019utenza per consultazioni, prestiti, ricerche bibliografiche e studio in Sala lettura, il marted\u00ec e gioved\u00ec, dalle ore 9 alle 13 e dalle 15 alle 16.45, e la mattina del mercoled\u00ec dalle 9 alle 13. Per l\u2019accesso gli utenti dovranno [&hellip;]<\/p>\n","protected":false},"author":4,"featured_media":7304,"comment_status":"closed","ping_status":"closed","sticky":false,"template":"","format":"standard","meta":{"ub_ctt_via":"","_mi_skip_tracking":false},"categories":[5],"tags":[],"featured_image_src":"https:\/\/www.messinaoggi.it\/website\/wp-content\/uploads\/2017\/09\/Palacultura-Antonello-2.jpg","author_info":{"display_name":"redme","author_link":"https:\/\/www.messinaoggi.it\/website\/author\/redme\/"},"digistream_id":0,"digistream":false,"_links":{"self":[{"href":"https:\/\/www.messinaoggi.it\/website\/wp-json\/wp\/v2\/posts\/45435"}],"collection":[{"href":"https:\/\/www.messinaoggi.it\/website\/wp-json\/wp\/v2\/posts"}],"about":[{"href":"https:\/\/www.messinaoggi.it\/website\/wp-json\/wp\/v2\/types\/post"}],"author":[{"embeddable":true,"href":"https:\/\/www.messinaoggi.it\/website\/wp-json\/wp\/v2\/users\/4"}],"replies":[{"embeddable":true,"href":"https:\/\/www.messinaoggi.it\/website\/wp-json\/wp\/v2\/comments?post=45435"}],"version-history":[{"count":0,"href":"https:\/\/www.messinaoggi.it\/website\/wp-json\/wp\/v2\/posts\/45435\/revisions"}],"wp:featuredmedia":[{"embeddable":true,"href":"https:\/\/www.messinaoggi.it\/website\/wp-json\/wp\/v2\/media\/7304"}],"wp:attachment":[{"href":"https:\/\/www.messinaoggi.it\/website\/wp-json\/wp\/v2\/media?parent=45435"}],"wp:term":[{"taxonomy":"category","embeddable":true,"href":"https:\/\/www.messinaoggi.it\/website\/wp-json\/wp\/v2\/categories?post=45435"},{"taxonomy":"post_tag","embeddable":true,"href":"https:\/\/www.messinaoggi.it\/website\/wp-json\/wp\/v2\/tags?post=45435"}],"curies":[{"name":"wp","href":"https:\/\/api.w.org\/{rel}","templated":true}]}}