{"id":45422,"date":"2020-07-09T08:41:53","date_gmt":"2020-07-09T06:41:53","guid":{"rendered":"https:\/\/www.messinaoggi.it\/website\/?p=45422"},"modified":"2020-07-09T08:41:53","modified_gmt":"2020-07-09T06:41:53","slug":"fermo-amministrativo-per-la-sea-watch","status":"publish","type":"post","link":"https:\/\/www.messinaoggi.it\/website\/2020\/07\/09\/fermo-amministrativo-per-la-sea-watch\/","title":{"rendered":"Fermo amministrativo per la Sea Watch 3"},"content":{"rendered":"<p>La Sea Watch 3, attualmente a Porto Empedocle, \u00e8 stata sottoposta a fermo amministrativo dopo un\u2019ispezione della Guardia costiera, che ha rilevato \u201cdiverse irregolarit\u00e0 di natura tecnica e operativa\u201d.<br \/>\nIl provvedimento, spiega la Guardia costiera, \u201cpermarr\u00e0 fino alla rettifica delle irregolarit\u00e0 rilevate in sede ispettiva e, per alcune di esse, sar\u00e0 necessario l\u2019intervento dello stato di bandiera\u201d, che per la Sea Watch 3 \u00e8 la Germania.<div id=\"div-gpt-ad-Messinaoggi.it-DSK-300x250-corpoart\" style=\"text-align:center;margin:0 auto;\"><\/div><\/p>\n<div id=\"videoincontent\" style=\"clear:both\";><\/div>","protected":false},"excerpt":{"rendered":"<p>La Sea Watch 3, attualmente a Porto Empedocle, \u00e8 stata sottoposta a fermo amministrativo dopo un\u2019ispezione della Guardia costiera, che ha rilevato \u201cdiverse irregolarit\u00e0 di natura tecnica e operativa\u201d. Il provvedimento, spiega la Guardia costiera, \u201cpermarr\u00e0 fino alla rettifica delle irregolarit\u00e0 rilevate in sede ispettiva e, per alcune di esse, sar\u00e0 necessario l\u2019intervento dello stato [&hellip;]<\/p>\n","protected":false},"author":4,"featured_media":29055,"comment_status":"closed","ping_status":"closed","sticky":false,"template":"","format":"standard","meta":{"ub_ctt_via":"","_mi_skip_tracking":false},"categories":[11],"tags":[],"featured_image_src":"https:\/\/www.messinaoggi.it\/website\/wp-content\/uploads\/2019\/02\/sea-watch-ormeggiata-nel-porto-di-catania-immigrazione.jpg","author_info":{"display_name":"redme","author_link":"https:\/\/www.messinaoggi.it\/website\/author\/redme\/"},"digistream_id":0,"digistream":false,"_links":{"self":[{"href":"https:\/\/www.messinaoggi.it\/website\/wp-json\/wp\/v2\/posts\/45422"}],"collection":[{"href":"https:\/\/www.messinaoggi.it\/website\/wp-json\/wp\/v2\/posts"}],"about":[{"href":"https:\/\/www.messinaoggi.it\/website\/wp-json\/wp\/v2\/types\/post"}],"author":[{"embeddable":true,"href":"https:\/\/www.messinaoggi.it\/website\/wp-json\/wp\/v2\/users\/4"}],"replies":[{"embeddable":true,"href":"https:\/\/www.messinaoggi.it\/website\/wp-json\/wp\/v2\/comments?post=45422"}],"version-history":[{"count":0,"href":"https:\/\/www.messinaoggi.it\/website\/wp-json\/wp\/v2\/posts\/45422\/revisions"}],"wp:featuredmedia":[{"embeddable":true,"href":"https:\/\/www.messinaoggi.it\/website\/wp-json\/wp\/v2\/media\/29055"}],"wp:attachment":[{"href":"https:\/\/www.messinaoggi.it\/website\/wp-json\/wp\/v2\/media?parent=45422"}],"wp:term":[{"taxonomy":"category","embeddable":true,"href":"https:\/\/www.messinaoggi.it\/website\/wp-json\/wp\/v2\/categories?post=45422"},{"taxonomy":"post_tag","embeddable":true,"href":"https:\/\/www.messinaoggi.it\/website\/wp-json\/wp\/v2\/tags?post=45422"}],"curies":[{"name":"wp","href":"https:\/\/api.w.org\/{rel}","templated":true}]}}