{"id":45392,"date":"2020-07-07T22:07:50","date_gmt":"2020-07-07T20:07:50","guid":{"rendered":"https:\/\/www.messinaoggi.it\/website\/?p=45392"},"modified":"2020-07-07T22:07:50","modified_gmt":"2020-07-07T20:07:50","slug":"seconda-categoria-il-fiumedinisi-prolunga-con-il-tecnico-frazzica","status":"publish","type":"post","link":"https:\/\/www.messinaoggi.it\/website\/2020\/07\/07\/seconda-categoria-il-fiumedinisi-prolunga-con-il-tecnico-frazzica\/","title":{"rendered":"Seconda Categoria, il Fiumedinisi prolunga con il tecnico Frazzica"},"content":{"rendered":"<p style=\"text-align: justify\">L&#8217;<strong>A.S.D. Fiumedinisi <\/strong>riparte ufficialmente da <strong>Matteo Frazzica<\/strong> per la 4^ stagione di fila. Sar\u00e0 ancora il &#8220;mister&#8221; nativo di Furci Siculo a guidare la formazione ionica, per la seconda avventura consecutiva in <strong>Prima Categoria<\/strong> nella quale ha sfiorato i play-off. Un sogno spezzato soltanto dalla prematura interruzione dei campionatio causa Covid-19.<div id=\"div-gpt-ad-Messinaoggi.it-DSK-300x250-corpoart\" style=\"text-align:center;margin:0 auto;\"><\/div><\/p>\n<p style=\"text-align: justify\">\u201c<em>Ho accettato l\u2019ennesima sfida dopo quelle degli anni scorsi &#8211; <\/em>spiega Frazzica -. <em>In passato abbiamo fatto bene ma ogni campionato ha una storia a s\u00e8: nel calcio conta ci\u00f2 che farai e stiamo lavorando a fari spenti per farlo ancora meglio di prima. Ovviamente il momento \u00e8 difficile e ci troviamo di fronte a situazioni nuove in cui vari fattori possono condizionare le scelte e l\u2019andamento dei risultati. Tuttavia, nonostante il clima di austerity, l\u2019impegno della societ\u00e0 \u00e8 totale e orgogliosamente posso affermare che tantissimi calciatori hanno manifestato la volont\u00e0 di sposare ancora il \u201cprogetto Fiumedinisi<\/em>\u201d.<div id=\"videoincontent\" style=\"clear:both\";><\/div><\/p>\n<p style=\"text-align: justify\">Dirigenza e allenatore manifestanom quindi, l&#8217;intenzione di dare continuit\u00e0 all&#8217;intera rosa di atleti della passata stagione: &#8220;<em>In tal senso ci siamo gi\u00e0 mossi <\/em>&#8211; aggiunge l&#8217;allenatore -, <em>ricevendo segnali positivi ed un grandissimo senso di attaccamento da parte dei ragazzi, compresi i calciatori arrivati da poco. Sar\u00e0 un campionato competitivo il prossimo con tanti derby jonici e ritengo il livello si alzer\u00e0 ulteriormente<\/em>\u201d.<\/p>\n<p style=\"text-align: justify\">L&#8217;A.S.D. Fiumedinisi sta operando innanzitutto per rivoluzionare i nuovi quadri societari: anticipati la nomina di &#8220;<em>Un nuovo Consiglio Direttivo, un nuovo Presidente e &#8211; novit\u00e0 assoluta &#8211; un Direttore Generale <\/em>&#8211; si legge in un comunicato &#8211;<em> cui competeranno l\u2019onere e l\u2019onore di coordinare l\u2019area tecnica ed amministrativa, il tutto sempre nel segno della continuit\u00e0 gestionale.<\/em><em> L&#8217;l\u2019orientamento \u00e8 quello di inserire in un buon organico soltanto chi possa garantire alla squadra il salto di qualit\u00e0<\/em>&#8220;.<\/p>\n","protected":false},"excerpt":{"rendered":"<p>L&#8217;A.S.D. Fiumedinisi riparte ufficialmente da Matteo Frazzica per la 4^ stagione di fila. Sar\u00e0 ancora il &#8220;mister&#8221; nativo di Furci Siculo a guidare la formazione ionica, per la seconda avventura consecutiva in Prima Categoria nella quale ha sfiorato i play-off. Un sogno spezzato soltanto dalla prematura interruzione dei campionatio causa Covid-19. \u201cHo accettato l\u2019ennesima sfida [&hellip;]<\/p>\n","protected":false},"author":11,"featured_media":45393,"comment_status":"closed","ping_status":"closed","sticky":false,"template":"","format":"standard","meta":{"ub_ctt_via":"","_mi_skip_tracking":false},"categories":[10,15,9],"tags":[],"featured_image_src":"https:\/\/www.messinaoggi.it\/website\/wp-content\/uploads\/2020\/07\/59941374_2231084890555473_6803030937606029312_o.jpg","author_info":{"display_name":"redsport","author_link":"https:\/\/www.messinaoggi.it\/website\/author\/redsport\/"},"digistream_id":0,"digistream":false,"_links":{"self":[{"href":"https:\/\/www.messinaoggi.it\/website\/wp-json\/wp\/v2\/posts\/45392"}],"collection":[{"href":"https:\/\/www.messinaoggi.it\/website\/wp-json\/wp\/v2\/posts"}],"about":[{"href":"https:\/\/www.messinaoggi.it\/website\/wp-json\/wp\/v2\/types\/post"}],"author":[{"embeddable":true,"href":"https:\/\/www.messinaoggi.it\/website\/wp-json\/wp\/v2\/users\/11"}],"replies":[{"embeddable":true,"href":"https:\/\/www.messinaoggi.it\/website\/wp-json\/wp\/v2\/comments?post=45392"}],"version-history":[{"count":0,"href":"https:\/\/www.messinaoggi.it\/website\/wp-json\/wp\/v2\/posts\/45392\/revisions"}],"wp:featuredmedia":[{"embeddable":true,"href":"https:\/\/www.messinaoggi.it\/website\/wp-json\/wp\/v2\/media\/45393"}],"wp:attachment":[{"href":"https:\/\/www.messinaoggi.it\/website\/wp-json\/wp\/v2\/media?parent=45392"}],"wp:term":[{"taxonomy":"category","embeddable":true,"href":"https:\/\/www.messinaoggi.it\/website\/wp-json\/wp\/v2\/categories?post=45392"},{"taxonomy":"post_tag","embeddable":true,"href":"https:\/\/www.messinaoggi.it\/website\/wp-json\/wp\/v2\/tags?post=45392"}],"curies":[{"name":"wp","href":"https:\/\/api.w.org\/{rel}","templated":true}]}}