{"id":45382,"date":"2020-07-07T21:34:21","date_gmt":"2020-07-07T19:34:21","guid":{"rendered":"https:\/\/www.messinaoggi.it\/website\/?p=45382"},"modified":"2020-07-07T21:34:21","modified_gmt":"2020-07-07T19:34:21","slug":"serie-d-fc-messina-presentato-lorganigramma-ritiro-a-fiuggi-dal-16-agosto","status":"publish","type":"post","link":"https:\/\/www.messinaoggi.it\/website\/2020\/07\/07\/serie-d-fc-messina-presentato-lorganigramma-ritiro-a-fiuggi-dal-16-agosto\/","title":{"rendered":"SERIE D &#8211; FC Messina, presentato l&#039;organigramma. Ritiro a Fiuggi dal 16 agosto"},"content":{"rendered":"<h5 style=\"text-align: justify\"><strong><em>Il Football Club Messina inaugura ufficialmente la stagione 2020\/2021<\/em><\/strong><\/h5>\n<p style=\"text-align: justify\">Presso la <strong>Sala della Borsa della Camera di Commercio<\/strong>, infatti, la societ\u00e0 giallorossa ha tenuto la conferenza stampa di presentazione di fronte ai numerosi giornalisti ed organi di informazione intervenuti.<br \/>\nIn una mattinata all\u2019insegna della continuit\u00e0 di programmazione e delle tante novit\u00e0 per il prossimo futuro, la societ\u00e0 ha inaugurato la nuova stagione con l\u2019obiettivo chiaro di proseguire un percorso comune che punta al miglioramento globale della societ\u00e0 dopo gli ottimi risultati ottenuti nell\u2019<strong><em>anno zero<\/em><\/strong><em>.<\/em><div id=\"div-gpt-ad-Messinaoggi.it-DSK-300x250-corpoart\" style=\"text-align:center;margin:0 auto;\"><\/div><\/p>\n<p style=\"text-align: justify\">Alla presenza di tutte le cariche dirigenziali, \u00e8 stato svelato il nuovo organigramma societario, le date del raduno in citt\u00e0 della prima squadra e del ritiro estivo.<div id=\"videoincontent\" style=\"clear:both\";><\/div><\/p>\n<p style=\"text-align: justify\">Il Presidente <strong>Rocco Arena<\/strong> riparte dalle proprie certezze e da un CDA totalmente riconfermato: al suo fianco, infatti, ci saranno ancora il vice-Presidente <strong>Santi Cosenza<\/strong>, l\u2019Amministratore <strong>Delegato Carmelo Santoro<\/strong>, i consiglieri <strong>Franco Mento <\/strong>e<strong> Fabio D\u2019Amore<\/strong>. La prima grande novit\u00e0 riguarda l\u2019ingresso dell\u2019avvocato Francisco <strong>Antonio Belmonte Botella<\/strong>. Il dott. <strong>Leonardo Limatola<\/strong> sar\u00e0 consulente esterno del club per le grandi opere.<\/p>\n<div id=\"attachment_45385\" style=\"width: 418px\" class=\"wp-caption alignright\"><img aria-describedby=\"caption-attachment-45385\" loading=\"lazy\" class=\" wp-image-45385\" src=\"https:\/\/www.messinaoggi.it\/website\/wp-content\/uploads\/2020\/07\/IMG-20200707-WA0016-300x200.jpg\" alt=\"\" width=\"408\" height=\"272\" \/><p id=\"caption-attachment-45385\" class=\"wp-caption-text\">Rocco Arena, presidente FC Messina<\/p><\/div>\n<p style=\"text-align: justify\">Proprio il Presidente <strong>Arena<\/strong> ha aperto la conferenza stampa mattutina: \u201c<em>Sono emozionato come ogni volta che mi siedo davanti a voi perch\u00e9 \u00e8 come se<\/em> <em>fosse ogni giorno la prima volta. Siamo all&#8217;inizio del secondo anno che inizia ufficialmente oggi, anche se non ci siamo mai fermati anche quando tutto era bloccato dal lockdown. Sono orgoglioso dei volti nuovi ed abbiamo una voglia pazzesca di fare meglio rispetto all&#8217;anno scorso.\u201d<\/em><\/p>\n<p> <\/p>\n<p style=\"text-align: justify\">Spostandoci dall\u2019area management a quella sportiva, la new entry annunciata \u00e8 quella di <strong>Marco Rizzieri<\/strong>, figura dirigenziale di grande spessore ed ex Torino, che ricoprir\u00e0 il ruolo di Direttore Generale. Al suo fianco lavoreranno, <strong>Marco Ferrante<\/strong> in qualit\u00e0 di Responsabile dell\u2019area tecnica ed il \u201cpromosso\u201d DS, <strong>Cesar Grabinski<\/strong>.<\/p>\n<p style=\"text-align: justify\">Il nuovo DG non ha nascosto l\u2019entusiasmo per questa nuova avventura:&#8221; <em>Sono molto contento di essere qui, devo ringraziare Arena. Crediamo in questo progetto e nello spirito che c&#8217;\u00e8. Mi piace essere qui, mi piace la citt\u00e0, amo il Meridione e ora cercheremo solo i risultati. Sono contento di questa scelta e di lavorare con un fratello come Ferrante e con una grande persona come Grabinski. Siamo persone ambiziose, ma sar\u00e0 il campo a dare le risposte.\u201d<\/em><\/p>\n<p> <\/p>\n<p style=\"text-align: justify\">Sulla stessa lunghezza d\u2019onda anche <strong>Marco Ferrante<\/strong> e <strong>Cesar Grabinski. <\/strong>\u00a0<em>\u201cRingraziamo il presidente per le scelte fatte, adesso toccher\u00e0 a noi dare le risposte sul campo e costruire una grande squadra\u201d,<\/em> ha sottolineato il responsabile dell\u2019area tecnica.<\/p>\n<p style=\"text-align: justify\">Dopo gli ottimi risultati ottenuti sul campo, <strong>Ernesto Gabriele <\/strong>viene riconfermato nel ruolo di allenatore. Al suo fianco ci sar\u00e0 <strong>Carmelo Mancuso<\/strong> come vice allenatore. Lo staff tecnico viene completato dalle conferme di <strong>Lorenzo Dascola<\/strong>, preparatore atletico, e <strong>Dario Cucinotta<\/strong>, match analyst. Tra le novit\u00e0 figura <strong>Emanuele Manitta<\/strong>, storico ex portiere giallorosso, che ricoprir\u00e0 il ruolo di allenatore dei portieri.<\/p>\n<div id=\"attachment_45386\" style=\"width: 689px\" class=\"wp-caption alignleft\"><img aria-describedby=\"caption-attachment-45386\" loading=\"lazy\" class=\" wp-image-45386\" src=\"https:\/\/www.messinaoggi.it\/website\/wp-content\/uploads\/2020\/07\/IMG-20200707-WA0014-300x200.jpg\" alt=\"\" width=\"679\" height=\"452\" \/><p id=\"caption-attachment-45386\" class=\"wp-caption-text\">Il nuovo DG, Marco Rizzieri<\/p><\/div>\n<p style=\"text-align: justify\">Dall\u2019aspetto tecnico e di campo, si \u00e8 passati anche ai progetti futuri della societ\u00e0. Su tutti il bando d\u2019affidamento per lo stadio \u201cFranco Scoglio\u201d. Su questa importante tematica \u00e8 intervenuto <strong>Leonardo Limatola<\/strong>, consulente esterno per le grandi opere: <em>&#8220;Sono di fronte ad una grandissima sfida in una piazza eccezionale e che ha grandissime potenzialit\u00e0 come Messina. Mi occuper\u00f2 dei grandi progetti, in particolar modo del bando per lo stadio. Quest\u2019ultimo ha tempi brevi, ma \u00e8 anche un lato positivo perch\u00e9 in questo paese non si ha mai la certezza di quando possa partite un&#8217;opera. Conoscete l&#8217;impianto, \u00e8 molto grande e pu\u00f2 essere messo a regime solo con un progetto d&#8217;insieme\u201d.<\/em><\/p>\n<p> <\/p>\n<p style=\"text-align: justify\">Ritornando all\u2019organigramma, sono state riconfermate due figure chiave: il team manager <strong>Francesco Alessandro<\/strong> ed il magazziniere <strong>Maurizio Barbera<\/strong>.<\/p>\n<p style=\"text-align: justify\">L\u2019area medico-sanitaria verr\u00e0 coordinata dal dott. <strong>Francesco Petralito<\/strong>, affiancato dal confermato dott. <strong>Francesco Mento<\/strong>. I fisioterapisti saranno ancora i dottori <strong>Rosario Cutuli<\/strong> ed <strong>Andrea Calimeri.<br \/>\n<\/strong>Dopo una proficua annata nel settore giovanile, <strong>Rosario Sorrenti<\/strong> sar\u00e0 il nuovo segretario generale. Viene riconfermato anche <strong>Giuseppe Micari<\/strong> nel ruolo di direttore operativo.<\/p>\n<p style=\"text-align: justify\">L\u2019attenta programmazione proseguir\u00e0 anche per il settore giovanile affidato al riconfermato responsabile <strong>Angelo Alessandro<\/strong>.<\/p>\n<p style=\"text-align: justify\">Infine, nell\u2019area marketing e comunicazione, la societ\u00e0 d\u00e0 il proprio benvenuto a <strong>Tonino Donato,<\/strong> nuova figura che lavorer\u00e0 a stretto contatto con l\u2019Ufficio Stampa gestito da <strong>Antonio Caro\u00e8<\/strong> ed <strong>Ernesto Francia<\/strong>.<\/p>\n<p style=\"text-align: justify\">Il fotografo ufficiale del FC Messina sar\u00e0 ancora <strong>Marco Familiari<\/strong>.<\/p>\n<p style=\"text-align: justify\">Durante la conferenza stampa, la societ\u00e0 ha definito i programmi riguardanti la prima squadra. Il 2 agosto la squadra e lo staff tecnico si ritroveranno a Messina per il raduno che si concluder\u00e0 giorno 13. L\u2019intera comitiva soggiorner\u00e0 all\u2019<strong>Hotel Viola <\/strong>di <strong>Villafranca Tirrena<\/strong>, mentre gli allenamenti si svolgeranno nell\u2019impianto comunale <strong>\u201cGiovanni Celeste\u201d <\/strong>di via <strong>Oreto<\/strong>.<\/p>\n<p style=\"text-align: justify\">Dal 16 agosto, invece, inizier\u00e0 ufficialmente il ritiro a <strong>Fiuggi.<\/strong> La squadra soggiorner\u00e0 presso l\u2019<strong>Hotel Italia <\/strong>fino al 27 dello stesso mese. Il 28 agosto \u00e8 previsto il rientro in sede.<\/p>\n<p style=\"text-align: justify\">\n","protected":false},"excerpt":{"rendered":"<p>Il Football Club Messina inaugura ufficialmente la stagione 2020\/2021 Presso la Sala della Borsa della Camera di Commercio, infatti, la societ\u00e0 giallorossa ha tenuto la conferenza stampa di presentazione di fronte ai numerosi giornalisti ed organi di informazione intervenuti. In una mattinata all\u2019insegna della continuit\u00e0 di programmazione e delle tante novit\u00e0 per il prossimo futuro, [&hellip;]<\/p>\n","protected":false},"author":17,"featured_media":45384,"comment_status":"closed","ping_status":"closed","sticky":false,"template":"","format":"standard","meta":{"ub_ctt_via":"","_mi_skip_tracking":false},"categories":[10,9],"tags":[26,260,261],"featured_image_src":"https:\/\/www.messinaoggi.it\/website\/wp-content\/uploads\/2020\/07\/IMG-20200707-WA0009.jpg","author_info":{"display_name":"Giuseppe Luppino","author_link":"https:\/\/www.messinaoggi.it\/website\/author\/g-luppino\/"},"digistream_id":0,"digistream":false,"_links":{"self":[{"href":"https:\/\/www.messinaoggi.it\/website\/wp-json\/wp\/v2\/posts\/45382"}],"collection":[{"href":"https:\/\/www.messinaoggi.it\/website\/wp-json\/wp\/v2\/posts"}],"about":[{"href":"https:\/\/www.messinaoggi.it\/website\/wp-json\/wp\/v2\/types\/post"}],"author":[{"embeddable":true,"href":"https:\/\/www.messinaoggi.it\/website\/wp-json\/wp\/v2\/users\/17"}],"replies":[{"embeddable":true,"href":"https:\/\/www.messinaoggi.it\/website\/wp-json\/wp\/v2\/comments?post=45382"}],"version-history":[{"count":0,"href":"https:\/\/www.messinaoggi.it\/website\/wp-json\/wp\/v2\/posts\/45382\/revisions"}],"wp:featuredmedia":[{"embeddable":true,"href":"https:\/\/www.messinaoggi.it\/website\/wp-json\/wp\/v2\/media\/45384"}],"wp:attachment":[{"href":"https:\/\/www.messinaoggi.it\/website\/wp-json\/wp\/v2\/media?parent=45382"}],"wp:term":[{"taxonomy":"category","embeddable":true,"href":"https:\/\/www.messinaoggi.it\/website\/wp-json\/wp\/v2\/categories?post=45382"},{"taxonomy":"post_tag","embeddable":true,"href":"https:\/\/www.messinaoggi.it\/website\/wp-json\/wp\/v2\/tags?post=45382"}],"curies":[{"name":"wp","href":"https:\/\/api.w.org\/{rel}","templated":true}]}}