{"id":45350,"date":"2020-07-06T22:28:33","date_gmt":"2020-07-06T20:28:33","guid":{"rendered":"https:\/\/www.messinaoggi.it\/website\/?p=45350"},"modified":"2020-07-06T22:28:33","modified_gmt":"2020-07-06T20:28:33","slug":"aggredito-autista-dellatm-da-un-passeggeri","status":"publish","type":"post","link":"https:\/\/www.messinaoggi.it\/website\/2020\/07\/06\/aggredito-autista-dellatm-da-un-passeggeri\/","title":{"rendered":"Aggredito autista dell\u2019Atm da un passeggero"},"content":{"rendered":"<p>Aggredito per cause in corso di accertamenti un autista dell\u2019Atm.<br \/>\nIn serata l&#8217;aggressione su un mezzo diretto a Massa Santa Lucia; l\u2019uomo \u00e8 stato centrato da un gancio all&#8217;occhio da un utente che subito dopo \u00e8 stato identificato e verr\u00e0 denunciato.<br \/>\nIl conducente \u00e8 stato trasportato al Papardo dal personale del 118 intervenuto sul posto.<div id=\"div-gpt-ad-Messinaoggi.it-DSK-300x250-corpoart\" style=\"text-align:center;margin:0 auto;\"><\/div><\/p>\n<div id=\"videoincontent\" style=\"clear:both\";><\/div>","protected":false},"excerpt":{"rendered":"<p>Aggredito per cause in corso di accertamenti un autista dell\u2019Atm. In serata l&#8217;aggressione su un mezzo diretto a Massa Santa Lucia; l\u2019uomo \u00e8 stato centrato da un gancio all&#8217;occhio da un utente che subito dopo \u00e8 stato identificato e verr\u00e0 denunciato. Il conducente \u00e8 stato trasportato al Papardo dal personale del 118 intervenuto sul posto.<\/p>\n","protected":false},"author":2,"featured_media":40960,"comment_status":"closed","ping_status":"closed","sticky":false,"template":"","format":"standard","meta":{"ub_ctt_via":"","_mi_skip_tracking":false},"categories":[5],"tags":[],"featured_image_src":"https:\/\/www.messinaoggi.it\/website\/wp-content\/uploads\/2020\/03\/Atm-messina-2-1.jpeg","author_info":{"display_name":"Redazione","author_link":"https:\/\/www.messinaoggi.it\/website\/author\/redazione\/"},"digistream_id":0,"digistream":false,"_links":{"self":[{"href":"https:\/\/www.messinaoggi.it\/website\/wp-json\/wp\/v2\/posts\/45350"}],"collection":[{"href":"https:\/\/www.messinaoggi.it\/website\/wp-json\/wp\/v2\/posts"}],"about":[{"href":"https:\/\/www.messinaoggi.it\/website\/wp-json\/wp\/v2\/types\/post"}],"author":[{"embeddable":true,"href":"https:\/\/www.messinaoggi.it\/website\/wp-json\/wp\/v2\/users\/2"}],"replies":[{"embeddable":true,"href":"https:\/\/www.messinaoggi.it\/website\/wp-json\/wp\/v2\/comments?post=45350"}],"version-history":[{"count":0,"href":"https:\/\/www.messinaoggi.it\/website\/wp-json\/wp\/v2\/posts\/45350\/revisions"}],"wp:featuredmedia":[{"embeddable":true,"href":"https:\/\/www.messinaoggi.it\/website\/wp-json\/wp\/v2\/media\/40960"}],"wp:attachment":[{"href":"https:\/\/www.messinaoggi.it\/website\/wp-json\/wp\/v2\/media?parent=45350"}],"wp:term":[{"taxonomy":"category","embeddable":true,"href":"https:\/\/www.messinaoggi.it\/website\/wp-json\/wp\/v2\/categories?post=45350"},{"taxonomy":"post_tag","embeddable":true,"href":"https:\/\/www.messinaoggi.it\/website\/wp-json\/wp\/v2\/tags?post=45350"}],"curies":[{"name":"wp","href":"https:\/\/api.w.org\/{rel}","templated":true}]}}