{"id":45349,"date":"2020-07-06T22:35:30","date_gmt":"2020-07-06T20:35:30","guid":{"rendered":"https:\/\/www.messinaoggi.it\/website\/?p=45349"},"modified":"2020-07-06T22:35:30","modified_gmt":"2020-07-06T20:35:30","slug":"calcio-a-5-la-bufera-e-san-paolo-accedono-alle-semifinali-nel-campionato-provinciale-aics","status":"publish","type":"post","link":"https:\/\/www.messinaoggi.it\/website\/2020\/07\/06\/calcio-a-5-la-bufera-e-san-paolo-accedono-alle-semifinali-nel-campionato-provinciale-aics\/","title":{"rendered":"CALCIO A 5 &#8211; &quot;La Bufera&quot; e &quot;San Paolo&quot; accedono alle semifinali nel campionato provinciale AICS"},"content":{"rendered":"<p style=\"text-align: justify\">Entra nel vivo il campionato provinciale AICS di calcio a 5. Sul campo in sintetico \u201cPunto Luce\u201d, a Camaro Superiore, si sono giocate le prime due giornate della fase a gironi che hanno proposto partite equilibrate e sempre nell&#8217;ambito della correttezza, come deve sempre essere soprattutto in una manifestazione amatoriale. Il torneo si concluder\u00e0 il 17 luglio con l\u2019attesa finalissima e la successiva premiazione.<div id=\"div-gpt-ad-Messinaoggi.it-DSK-300x250-corpoart\" style=\"text-align:center;margin:0 auto;\"><\/div><\/p>\n<p style=\"text-align: justify\">Le squadre La Bufera e San Paolo hanno gi\u00e0 obliterato i preziosi biglietti per le semifinali, in programma marted\u00ec e mercoled\u00ec della prossima settimana, in virt\u00f9 dei 6 punti conquistati. Nell\u2019ultimo turno, La Bufera ha superato con il punteggio di 7-5 il combattivo Centro Vantage, mentre il San Paolo ha piegato di misura (4-3) la tenace resistenza dell\u2019AICS Calcio. Appassionante \u00e8 stato l\u2019andamento del match tra l\u2019Isola che non c\u2019\u00e8 e lo Sport e Cultura. Entrambe le formazioni dovevano riscattare le sconfitte rimediate all\u2019esordio e non hanno lesinato energie pur di avere la meglio.<div id=\"videoincontent\" style=\"clear:both\";><\/div><\/p>\n<div id=\"attachment_45351\" style=\"width: 310px\" class=\"wp-caption alignright\"><img aria-describedby=\"caption-attachment-45351\" loading=\"lazy\" class=\"size-medium wp-image-45351\" src=\"https:\/\/www.messinaoggi.it\/website\/wp-content\/uploads\/2020\/07\/LISOLA-CHE-NON-CE-squadra-300x200.jpg\" alt=\"\" width=\"300\" height=\"200\" \/><p id=\"caption-attachment-45351\" class=\"wp-caption-text\">La formazione &#8220;L&#8217;Isola che non c&#8217;\u00e8&#8221;<\/p><\/div>\n<p style=\"text-align: justify\">L\u2019Isola che non c\u2019\u00e8, trascinata dalle pregevoli giocate di Daniele Di Bartolo, si \u00e8 assicurata l\u2019intera posta in palio (4-3), rilanciandosi, cos\u00ec, nel discorso qualificazione. Per Costa e compagni decisiva sar\u00e0 la sfida di venerd\u00ec contro il Centro Vantage. Il programma prevede mercoled\u00ec l\u2019incontro Sport e Cultura-San Paolo (inizio ore 21) e gioved\u00ec, allo stesso orario, La Bufera-AICS Calcio. Carlo Martelli (La Bufera) \u00e8 attualmente il capocannoniere con 5 centri.<\/p>\n<p style=\"text-align: justify\"><em>\u201cSiamo tornati finalmente a divertirci \u2013<\/em> dichiara il presidente dell\u2019AICS Messina Lillo Margareci \u2013 <em>ed i protagonisti si stanno comportando nel migliore dei modi. Lo spirito \u00e8 proprio quello di passare serate spensierate inseguendo il pallone e facendo gol dopo il lungo periodo del lockdown. Logicamente nessuno vuole perdere, ma il necessario agonismo deve rimanere sempre nei limiti, come sta avvenendo\u201d.<\/em> Il torneo terminer\u00e0 il 17 luglio con l\u2019attesa finalissima e la successiva premiazione.<\/p>\n<p style=\"text-align: justify\">\n<p><strong>Classifiche<\/strong>. <span style=\"text-decoration: underline\"><em>Girone A:<\/em><\/span> La Bufera <strong>6<\/strong>; L\u2019Isola che non c\u2019\u00e8 <strong>3,<\/strong>\u00a0Centro Vantage <strong>0<\/strong>.<br \/>\n<em>\u00a0 \u00a0 \u00a0 \u00a0 \u00a0 \u00a0 \u00a0 \u00a0 \u00a0 \u00a0 \u00a0 \u00a0 \u00a0<span style=\"text-decoration: underline\">Girone B<\/span>:<\/em> San Paolo <strong>6<\/strong>, AICS Calcio <strong>3<\/strong> e Sport e Cultura <strong>0<\/strong>.<\/p>\n","protected":false},"excerpt":{"rendered":"<p>Entra nel vivo il campionato provinciale AICS di calcio a 5. Sul campo in sintetico \u201cPunto Luce\u201d, a Camaro Superiore, si sono giocate le prime due giornate della fase a gironi che hanno proposto partite equilibrate e sempre nell&#8217;ambito della correttezza, come deve sempre essere soprattutto in una manifestazione amatoriale. Il torneo si concluder\u00e0 il [&hellip;]<\/p>\n","protected":false},"author":17,"featured_media":45353,"comment_status":"closed","ping_status":"closed","sticky":false,"template":"","format":"standard","meta":{"ub_ctt_via":"","_mi_skip_tracking":false},"categories":[8,9],"tags":[244,257],"featured_image_src":"https:\/\/www.messinaoggi.it\/website\/wp-content\/uploads\/2020\/07\/Fase-di-gioco-di-una-partita-1.jpg","author_info":{"display_name":"Giuseppe Luppino","author_link":"https:\/\/www.messinaoggi.it\/website\/author\/g-luppino\/"},"digistream_id":0,"digistream":false,"_links":{"self":[{"href":"https:\/\/www.messinaoggi.it\/website\/wp-json\/wp\/v2\/posts\/45349"}],"collection":[{"href":"https:\/\/www.messinaoggi.it\/website\/wp-json\/wp\/v2\/posts"}],"about":[{"href":"https:\/\/www.messinaoggi.it\/website\/wp-json\/wp\/v2\/types\/post"}],"author":[{"embeddable":true,"href":"https:\/\/www.messinaoggi.it\/website\/wp-json\/wp\/v2\/users\/17"}],"replies":[{"embeddable":true,"href":"https:\/\/www.messinaoggi.it\/website\/wp-json\/wp\/v2\/comments?post=45349"}],"version-history":[{"count":0,"href":"https:\/\/www.messinaoggi.it\/website\/wp-json\/wp\/v2\/posts\/45349\/revisions"}],"wp:featuredmedia":[{"embeddable":true,"href":"https:\/\/www.messinaoggi.it\/website\/wp-json\/wp\/v2\/media\/45353"}],"wp:attachment":[{"href":"https:\/\/www.messinaoggi.it\/website\/wp-json\/wp\/v2\/media?parent=45349"}],"wp:term":[{"taxonomy":"category","embeddable":true,"href":"https:\/\/www.messinaoggi.it\/website\/wp-json\/wp\/v2\/categories?post=45349"},{"taxonomy":"post_tag","embeddable":true,"href":"https:\/\/www.messinaoggi.it\/website\/wp-json\/wp\/v2\/tags?post=45349"}],"curies":[{"name":"wp","href":"https:\/\/api.w.org\/{rel}","templated":true}]}}