{"id":45253,"date":"2020-07-03T10:09:09","date_gmt":"2020-07-03T08:09:09","guid":{"rendered":"https:\/\/www.messinaoggi.it\/website\/?p=45253"},"modified":"2020-07-03T10:09:09","modified_gmt":"2020-07-03T08:09:09","slug":"silenzio-sulle-esenzioni-tari-gioveni-interroga-la-giunta","status":"publish","type":"post","link":"https:\/\/www.messinaoggi.it\/website\/2020\/07\/03\/silenzio-sulle-esenzioni-tari-gioveni-interroga-la-giunta\/","title":{"rendered":"Silenzio sulle esenzioni Tari, Gioveni interroga la giunta"},"content":{"rendered":"<p>\u201cNon si pu\u00f2 non constatare come risultino ancora congelate le istanze per ottenere le riduzioni e le esenzioni della Tari per gli anni 2017 e 2018, cos\u00ec come non vi \u00e8 traccia evidentemente dei nuovi bandi relativi alla Tari per gli anni 2019 e 2020, nonostante sia stato gi\u00e0 approvato da tempo il Bilancio di Previsione 2020, necessario a dare il via alle nuove istanze\u201d. Il consigliere comunale Libero Gioveni ha indirizzato un&#8217;interrogazione alla giunta comunale affinch\u00e9 faccia chiarezza sul silenzio relativamente alle esenzioni Tari, sia sulle graduatorie per gli anni 2017 e 2018 che sul nuovo bando per gli anni 2019 e 2020.<br \/>\n\u201cSi potr\u00e0 ben comprendere come questo stato di incertezza e di inspiegabile enorme ritardo, &#8211; prosegue Gioveni &#8211; non metta in condizione gli aventi diritto di sapere se potranno e dovranno quest\u2019anno pagare le rate (men che meno l\u2019anno ormai passato), nonostante la recente moratoria che ha fatto slittare al prossimo 16 settembre il termine ultimo per il pagamento senza dover incorrere a sanzioni ed interessi.<br \/>\n\u201cIl dubbio dello scrivente (che se comprovato sarebbe di una gravit\u00e0 inaudita!) \u00e8 che la mancata redazione e conseguente pubblicazione delle graduatorie sia legato al fatto che lo scorso anno l\u2019ex Dirigente del Dipartimento servizi sociali, in maniera del tutto autonoma, pubblic\u00f2 l\u2019avviso pubblico per le esenzioni e riduzioni Tari senza fare il necessario passaggio in Consiglio Comunale per l\u2019approvazione della delibera, come invece avveniva puntualmente e abitualmente negli anni precedenti. Se cos\u00ec fosse (e mi auguro che non sia affatto questo il motivo), risulta facile immaginare il verificarsi non soltanto di un\u2019autentica beffa per gli aventi diritto che chiss\u00e0 ancora per quanto tempo ancora non riuscirebbero a leggere i propri nomi nelle graduatorie, ma anche e soprattutto un danno erariale per l\u2019Ente che di fatto non avrebbe incassato una potenziale entrata!<br \/>\n\u201cPertanto, in virt\u00f9 di quanto sopra esposto, il sottoscritto consigliere comunale interroga il sindaco De Luca e l\u2019assessore Calafiore al fine di conoscere i motivi della mancata redazione e pubblicazione delle graduatorie relative alle riduzioni ed esenzioni Tari per gli anni 2017 e 2018; e i motivi che ancora ostano al varo di un nuovo avviso pubblico o delibera relativa agli sgravi TARI per gli anni 2019 e 2020\u201d.<div id=\"div-gpt-ad-Messinaoggi.it-DSK-300x250-corpoart\" style=\"text-align:center;margin:0 auto;\"><\/div><\/p>\n<div id=\"videoincontent\" style=\"clear:both\";><\/div>","protected":false},"excerpt":{"rendered":"<p>\u201cNon si pu\u00f2 non constatare come risultino ancora congelate le istanze per ottenere le riduzioni e le esenzioni della Tari per gli anni 2017 e 2018, cos\u00ec come non vi \u00e8 traccia evidentemente dei nuovi bandi relativi alla Tari per gli anni 2019 e 2020, nonostante sia stato gi\u00e0 approvato da tempo il Bilancio di [&hellip;]<\/p>\n","protected":false},"author":8,"featured_media":10353,"comment_status":"closed","ping_status":"closed","sticky":false,"template":"","format":"standard","meta":{"ub_ctt_via":"","_mi_skip_tracking":false},"categories":[4],"tags":[],"featured_image_src":"https:\/\/www.messinaoggi.it\/website\/wp-content\/uploads\/2017\/10\/palazzo-zanca-messina.jpg","author_info":{"display_name":"red..me","author_link":"https:\/\/www.messinaoggi.it\/website\/author\/redstage\/"},"digistream_id":0,"digistream":false,"_links":{"self":[{"href":"https:\/\/www.messinaoggi.it\/website\/wp-json\/wp\/v2\/posts\/45253"}],"collection":[{"href":"https:\/\/www.messinaoggi.it\/website\/wp-json\/wp\/v2\/posts"}],"about":[{"href":"https:\/\/www.messinaoggi.it\/website\/wp-json\/wp\/v2\/types\/post"}],"author":[{"embeddable":true,"href":"https:\/\/www.messinaoggi.it\/website\/wp-json\/wp\/v2\/users\/8"}],"replies":[{"embeddable":true,"href":"https:\/\/www.messinaoggi.it\/website\/wp-json\/wp\/v2\/comments?post=45253"}],"version-history":[{"count":0,"href":"https:\/\/www.messinaoggi.it\/website\/wp-json\/wp\/v2\/posts\/45253\/revisions"}],"wp:featuredmedia":[{"embeddable":true,"href":"https:\/\/www.messinaoggi.it\/website\/wp-json\/wp\/v2\/media\/10353"}],"wp:attachment":[{"href":"https:\/\/www.messinaoggi.it\/website\/wp-json\/wp\/v2\/media?parent=45253"}],"wp:term":[{"taxonomy":"category","embeddable":true,"href":"https:\/\/www.messinaoggi.it\/website\/wp-json\/wp\/v2\/categories?post=45253"},{"taxonomy":"post_tag","embeddable":true,"href":"https:\/\/www.messinaoggi.it\/website\/wp-json\/wp\/v2\/tags?post=45253"}],"curies":[{"name":"wp","href":"https:\/\/api.w.org\/{rel}","templated":true}]}}