{"id":45220,"date":"2020-07-02T15:58:08","date_gmt":"2020-07-02T13:58:08","guid":{"rendered":"https:\/\/www.messinaoggi.it\/website\/?p=45220"},"modified":"2020-07-02T15:58:08","modified_gmt":"2020-07-02T13:58:08","slug":"tiro-a-volo-a-castanea-seconda-prova-del-campionato-italiano-elica","status":"publish","type":"post","link":"https:\/\/www.messinaoggi.it\/website\/2020\/07\/02\/tiro-a-volo-a-castanea-seconda-prova-del-campionato-italiano-elica\/","title":{"rendered":"TIRO A VOLO &#8211; A Castanea seconda prova del campionato italiano &quot;Elica&quot;"},"content":{"rendered":"<h5 style=\"text-align: justify\"><strong><em>Previste tre intense giornate: domani pomeriggio (venerd\u00ec 3 luglio, ndr) si comincer\u00e0 a sparare sulla distanza delle 12 eliche con in palio la \u201cCoppa del Presidente\u201d, sabato il momento clou della gara Tricolore e domenica la chiusura con la prima edizione del \u201cMemorial Francesco Picciolo\u201d. \u00a0\u00a0<\/em><\/strong><\/h5>\n<p style=\"text-align: justify\"><em>\u00a0<\/em><div id=\"div-gpt-ad-Messinaoggi.it-DSK-300x250-corpoart\" style=\"text-align:center;margin:0 auto;\"><\/div><\/p>\n<p style=\"text-align: justify\">Si vivr\u00e0 un lungo ed intenso weekend sportivo al TAV Castanea, sede della seconda prova del campionato italiano \u201cElica\u201d. Si tratta di un evento di assoluto prestigio per l\u2019impianto cittadino, dotato di sei campi e gestito dalla famiglia Passalacqua, dove sono attesi circa 150 specialisti provenienti dall\u2019intera Penisola.<div id=\"videoincontent\" style=\"clear:both\";><\/div><\/p>\n<p style=\"text-align: justify\">La manifestazione Tricolore si sviluppa su quattro appuntamenti, che assegneranno gli ambiti titoli sia individuali che a squadre. Le classifiche terranno conto dei migliori due risultati ottenuti dai tiratori e dalle loro societ\u00e0 di appartenenza. Nell\u2019esordio a Roma, si \u00e8 imposto il romagnolo Franco Tassinari con un eccellente 15\/15, tallonato da Sergio Passalacqua del TAV Castanea; lui ed altri quattro atleti hanno fatto registrare 14 centri su 15. Il campione italiano in carica \u00e8, invece, Antonio Passalacqua.<\/p>\n<div id=\"attachment_45225\" style=\"width: 458px\" class=\"wp-caption alignright\"><img aria-describedby=\"caption-attachment-45225\" loading=\"lazy\" class=\" wp-image-45225\" src=\"https:\/\/www.messinaoggi.it\/website\/wp-content\/uploads\/2020\/07\/Incantevole-immagine-TAV-Castanea-2-300x225.jpg\" alt=\"\" width=\"448\" height=\"336\" \/><p id=\"caption-attachment-45225\" class=\"wp-caption-text\">L&#8217;impianto Tiro al Volo di Castanea<\/p><\/div>\n<p style=\"text-align: justify\">A Messina sono previste tre intense giornate: domani pomeriggio (venerd\u00ec 3 luglio, ndr) si comincer\u00e0 a sparare sulla distanza delle 12 eliche per conquistare la \u201cCoppa del Presidente\u201d, sabato il momento clou con la prova del campionato su 15 eliche, valida anche come \u201cMemorial Tot\u00f2 Passalacqua\u201d, mentre domenica \u00e8 in programma la prima edizione del \u201cMemorial Francesco Picciolo\u201d.<\/p>\n<p style=\"text-align: justify\">Il TAV Castanea ha fatto, intanto, le prove generali organizzative lo scorso fine settimana, ospitando il campionato regionale per societ\u00e0 fossa olimpica specialit\u00e0 \u201ctrap\u201d.\u00a0 Il peloritano Mino Passalacqua ha messo in riga tutti gli avversari con 49 su 50. Il TAV Castanea \u00e8 salito sul terzo gradino del podio, qualificandosi, cos\u00ec, per le finali nazionali grazie ai 273 punti sommati da: Mino Passalacqua, Salvatore Curt\u00f2 (46), Simone Galletta (45), Antonio Passalacqua (45), Antonio Morabito (44) e Marcello Ranieri (44). Tra le donne, bene Emanuela Barill\u00e0. Meglio hanno fatto soltanto il Tav Pachino (283) e la Polisportiva La Contea (274).<\/p>\n<p style=\"text-align: justify\">In contemporanea, la gara di contorno \u201celica\u201d \u00e8 stata vinta dal giovane Giovanni Crisafi, sempre del TAV Castanea.<em>\u00a0\u00a0<\/em><\/p>\n<p> <br \/>\n <\/p>\n","protected":false},"excerpt":{"rendered":"<p>Previste tre intense giornate: domani pomeriggio (venerd\u00ec 3 luglio, ndr) si comincer\u00e0 a sparare sulla distanza delle 12 eliche con in palio la \u201cCoppa del Presidente\u201d, sabato il momento clou della gara Tricolore e domenica la chiusura con la prima edizione del \u201cMemorial Francesco Picciolo\u201d. \u00a0\u00a0 \u00a0 Si vivr\u00e0 un lungo ed intenso weekend sportivo [&hellip;]<\/p>\n","protected":false},"author":17,"featured_media":45223,"comment_status":"closed","ping_status":"closed","sticky":false,"template":"","format":"standard","meta":{"ub_ctt_via":"","_mi_skip_tracking":false},"categories":[8,9],"tags":[],"featured_image_src":"https:\/\/www.messinaoggi.it\/website\/wp-content\/uploads\/2020\/07\/Una-gara-al-TAV-CASTANEA-1.jpg","author_info":{"display_name":"Giuseppe Luppino","author_link":"https:\/\/www.messinaoggi.it\/website\/author\/g-luppino\/"},"digistream_id":0,"digistream":false,"_links":{"self":[{"href":"https:\/\/www.messinaoggi.it\/website\/wp-json\/wp\/v2\/posts\/45220"}],"collection":[{"href":"https:\/\/www.messinaoggi.it\/website\/wp-json\/wp\/v2\/posts"}],"about":[{"href":"https:\/\/www.messinaoggi.it\/website\/wp-json\/wp\/v2\/types\/post"}],"author":[{"embeddable":true,"href":"https:\/\/www.messinaoggi.it\/website\/wp-json\/wp\/v2\/users\/17"}],"replies":[{"embeddable":true,"href":"https:\/\/www.messinaoggi.it\/website\/wp-json\/wp\/v2\/comments?post=45220"}],"version-history":[{"count":0,"href":"https:\/\/www.messinaoggi.it\/website\/wp-json\/wp\/v2\/posts\/45220\/revisions"}],"wp:featuredmedia":[{"embeddable":true,"href":"https:\/\/www.messinaoggi.it\/website\/wp-json\/wp\/v2\/media\/45223"}],"wp:attachment":[{"href":"https:\/\/www.messinaoggi.it\/website\/wp-json\/wp\/v2\/media?parent=45220"}],"wp:term":[{"taxonomy":"category","embeddable":true,"href":"https:\/\/www.messinaoggi.it\/website\/wp-json\/wp\/v2\/categories?post=45220"},{"taxonomy":"post_tag","embeddable":true,"href":"https:\/\/www.messinaoggi.it\/website\/wp-json\/wp\/v2\/tags?post=45220"}],"curies":[{"name":"wp","href":"https:\/\/api.w.org\/{rel}","templated":true}]}}