{"id":45213,"date":"2020-07-02T12:59:49","date_gmt":"2020-07-02T10:59:49","guid":{"rendered":"https:\/\/www.messinaoggi.it\/website\/?p=45213"},"modified":"2020-07-02T12:59:49","modified_gmt":"2020-07-02T10:59:49","slug":"rifiuti-a-milazzo-e-scontro-tra-formica-e-sindacati","status":"publish","type":"post","link":"https:\/\/www.messinaoggi.it\/website\/2020\/07\/02\/rifiuti-a-milazzo-e-scontro-tra-formica-e-sindacati\/","title":{"rendered":"Rifiuti a Milazzo, \u00e8 scontro tra Formica e sindacati"},"content":{"rendered":"<p>I sindacati replicano al sindaco di Milazzo Formica. \u201cInaccettabili le dichiarazioni da campagna elettorale del sindaco. Il primo cittadino convochi piuttosto le parti sociali nell&#8217;interesse dei lavoratori e del servizio alla cittadinanza.Le dichiarazioni del sindaco Formica che in una nota stampa ha definito \u201cfarneticanti\u201d le legittime richieste dei sindacati avanzate all&#8217;amministrazione a tutela dei lavoratori del settore rifiuti della citt\u00e0 mamertina sono fuori luogo e probabilmente dettate dai tempi di una campagna elettorale dalla quale questi sindacati vogliono restare fuori &#8211; dichiarano Fp Cgil UIltrasporti e Fiadel &#8211; e auspichiamo che il primo cittadino convochi queste organizzazioni per fare chiarezza nell&#8217;interesse dei lavoratori e della cittadinanza che reclama un servizio rifiuti efficiente.<br \/>\nIl Comune di Milazzo, nella qualit\u00e0 di committente del servizio rifiuti, ha precise responsabilit\u00e0 ed obblighi verso i lavoratori impiegati nell&#8217;appalto &#8211; continuano i sindacati &#8211; che da anni soffrono uno stato di continua precariet\u00e0 per il susseguirsi di brevi affidamenti e con l&#8217;alternarsi di ditte subiscono ad ogni cambio di gestore penalizzazioni economiche ed inevitabili criticit\u00e0 organizzative e occupazionali.<br \/>\n\u00c8 comune l\u2019auspicio che l&#8217;affidamento definitivo della gara settennale di raccolta rifiuti porti finalmente stabilit\u00e0 al settore &#8211; concludono i sindacati &#8211; e non si \u00e8 voluto puntare il dito sull\u2019amministrazione per i ritardi dovuti a ricorsi legali , ma nel rispetto dei ruoli queste organizzazioni rivendicano la piena legittimit\u00e0 delle proprie richieste per la tutela dei lavoratori, ribadendo la necessit\u00e0 di un confronto con l&#8217;amministrazione comunale, pi\u00f9 volte richiesto e mai ottenuto, al fine di evitare inutili tensioni sociali e possibili disservizi all&#8217;utenza del comprensorio di Milazzo&#8221;.<div id=\"div-gpt-ad-Messinaoggi.it-DSK-300x250-corpoart\" style=\"text-align:center;margin:0 auto;\"><\/div><\/p>\n<div id=\"videoincontent\" style=\"clear:both\";><\/div>","protected":false},"excerpt":{"rendered":"<p>I sindacati replicano al sindaco di Milazzo Formica. \u201cInaccettabili le dichiarazioni da campagna elettorale del sindaco. Il primo cittadino convochi piuttosto le parti sociali nell&#8217;interesse dei lavoratori e del servizio alla cittadinanza.Le dichiarazioni del sindaco Formica che in una nota stampa ha definito \u201cfarneticanti\u201d le legittime richieste dei sindacati avanzate all&#8217;amministrazione a tutela dei lavoratori [&hellip;]<\/p>\n","protected":false},"author":4,"featured_media":9513,"comment_status":"closed","ping_status":"closed","sticky":false,"template":"","format":"standard","meta":{"ub_ctt_via":"","_mi_skip_tracking":false},"categories":[13,14],"tags":[],"featured_image_src":"https:\/\/www.messinaoggi.it\/website\/wp-content\/uploads\/2017\/10\/comune-di-milazzo.jpg","author_info":{"display_name":"redme","author_link":"https:\/\/www.messinaoggi.it\/website\/author\/redme\/"},"digistream_id":0,"digistream":false,"_links":{"self":[{"href":"https:\/\/www.messinaoggi.it\/website\/wp-json\/wp\/v2\/posts\/45213"}],"collection":[{"href":"https:\/\/www.messinaoggi.it\/website\/wp-json\/wp\/v2\/posts"}],"about":[{"href":"https:\/\/www.messinaoggi.it\/website\/wp-json\/wp\/v2\/types\/post"}],"author":[{"embeddable":true,"href":"https:\/\/www.messinaoggi.it\/website\/wp-json\/wp\/v2\/users\/4"}],"replies":[{"embeddable":true,"href":"https:\/\/www.messinaoggi.it\/website\/wp-json\/wp\/v2\/comments?post=45213"}],"version-history":[{"count":0,"href":"https:\/\/www.messinaoggi.it\/website\/wp-json\/wp\/v2\/posts\/45213\/revisions"}],"wp:featuredmedia":[{"embeddable":true,"href":"https:\/\/www.messinaoggi.it\/website\/wp-json\/wp\/v2\/media\/9513"}],"wp:attachment":[{"href":"https:\/\/www.messinaoggi.it\/website\/wp-json\/wp\/v2\/media?parent=45213"}],"wp:term":[{"taxonomy":"category","embeddable":true,"href":"https:\/\/www.messinaoggi.it\/website\/wp-json\/wp\/v2\/categories?post=45213"},{"taxonomy":"post_tag","embeddable":true,"href":"https:\/\/www.messinaoggi.it\/website\/wp-json\/wp\/v2\/tags?post=45213"}],"curies":[{"name":"wp","href":"https:\/\/api.w.org\/{rel}","templated":true}]}}