{"id":45211,"date":"2020-07-02T11:37:10","date_gmt":"2020-07-02T09:37:10","guid":{"rendered":"https:\/\/www.messinaoggi.it\/website\/?p=45211"},"modified":"2020-07-02T11:37:10","modified_gmt":"2020-07-02T09:37:10","slug":"assistenti-igienico-personali-fp-cgil-in-piazza-per-dire-no-allo-stop-del-servizio","status":"publish","type":"post","link":"https:\/\/www.messinaoggi.it\/website\/2020\/07\/02\/assistenti-igienico-personali-fp-cgil-in-piazza-per-dire-no-allo-stop-del-servizio\/","title":{"rendered":"Assistenti igienico personali, Fp Cgil in piazza per dire no allo stop del servizio"},"content":{"rendered":"<p>I sindacati chiedono con urgenza un confronto con l\u2019assessore regionale Scavone per affrontare una vertenza che potrebbe assumere contorni drammatici in termini occupazionali, nonch\u00e9 determinare gravi ricadute per i fragili utenti del servizio. I lavoratori che da oltre 20 anni operano nelle scuole inferiori e superiori di tutta la Sicilia si sono dati appuntamento questa mattina sotto la sede dell\u2019Assessorato Regionale della famiglia, per dire no alla decisione del Governo regionale di interrompere il servizio di assistenza igienico personale agli alunni disabili, presa a seguito di un parere richiesto al consiglio di giustizia amministrativa (CGA) dagli stessi uffici regionali.<br \/>\n\u201cNon \u00e8 accettabile \u2013 affermano il segretario generale della FP CGIL di Messina Francesco Fucile e la segretaria provinciale Elena De Pasquale \u2013 che la politica continui a nascondersi dietro pareri giuridici destinati a mettere in ginocchio oltre 2000 lavoratori e non fornire pi\u00f9 adeguata assistenza agli studenti. Sapevamo tutti, in primis chi occupa i posti di controllo e Palazzo d\u2019Orleans e Palazzo dei Normanni, che la bomba prima o poi sarebbe scoppiata, e nonostante tutti fossero consapevoli che la risposta del CGA avrebbe potuto essere quella di cui oggi stiamo discutendo, anzich\u00e9 pensare a soluzioni alternative che contemperassero le esigenze ed i bisogni di utenti e lavoratori, la politica \u00e8 rimasta con le mani in mano.<br \/>\n\u201cOggi assistiamo quindi ad un continuo rimpallo di responsabilit\u00e0. Da qui la decisione di marciare sotto la sede dell\u2019assessorato, sperando di poter ottenere un confronto. In queste settimane di confronti con i lavoratori abbiamo avuto l\u2019ennesima conferma che la disperazione di questi giorni non \u00e8 solo legata al rischio di perdere il posto di lavoro, ma al dramma sociale che verrebbe a determinarsi in molte famiglie. Il pensiero di lasciare i propri figli a scuola senza che questi abbiano la necessaria e dovuta esigenza, e non certo per non volont\u00e0 del personale ATA, ma per carenze numeriche e per mancata esperienza, rappresenter\u00e0 un grosso problema, al punto che molti genitori potrebbero anche decidere di non portare pi\u00f9 figli a scuola, con tutte le conseguenze del caso. \u00c8 anche, o forse soprattutto per questo, che la politica deve trovare una soluzione ad un problema che, diversamente, lo ribadiamo, assumer\u00e0 i contorni di un vero e proprio dramma sociale\u201d.<div id=\"div-gpt-ad-Messinaoggi.it-DSK-300x250-corpoart\" style=\"text-align:center;margin:0 auto;\"><\/div><\/p>\n<div id=\"videoincontent\" style=\"clear:both\";><\/div>","protected":false},"excerpt":{"rendered":"<p>I sindacati chiedono con urgenza un confronto con l\u2019assessore regionale Scavone per affrontare una vertenza che potrebbe assumere contorni drammatici in termini occupazionali, nonch\u00e9 determinare gravi ricadute per i fragili utenti del servizio. I lavoratori che da oltre 20 anni operano nelle scuole inferiori e superiori di tutta la Sicilia si sono dati appuntamento questa [&hellip;]<\/p>\n","protected":false},"author":8,"featured_media":6824,"comment_status":"closed","ping_status":"closed","sticky":false,"template":"","format":"standard","meta":{"ub_ctt_via":"","_mi_skip_tracking":false},"categories":[11],"tags":[],"featured_image_src":"https:\/\/www.messinaoggi.it\/website\/wp-content\/uploads\/2017\/08\/FpCgil-messinaoggi-2.jpg","author_info":{"display_name":"red..me","author_link":"https:\/\/www.messinaoggi.it\/website\/author\/redstage\/"},"digistream_id":0,"digistream":false,"_links":{"self":[{"href":"https:\/\/www.messinaoggi.it\/website\/wp-json\/wp\/v2\/posts\/45211"}],"collection":[{"href":"https:\/\/www.messinaoggi.it\/website\/wp-json\/wp\/v2\/posts"}],"about":[{"href":"https:\/\/www.messinaoggi.it\/website\/wp-json\/wp\/v2\/types\/post"}],"author":[{"embeddable":true,"href":"https:\/\/www.messinaoggi.it\/website\/wp-json\/wp\/v2\/users\/8"}],"replies":[{"embeddable":true,"href":"https:\/\/www.messinaoggi.it\/website\/wp-json\/wp\/v2\/comments?post=45211"}],"version-history":[{"count":0,"href":"https:\/\/www.messinaoggi.it\/website\/wp-json\/wp\/v2\/posts\/45211\/revisions"}],"wp:featuredmedia":[{"embeddable":true,"href":"https:\/\/www.messinaoggi.it\/website\/wp-json\/wp\/v2\/media\/6824"}],"wp:attachment":[{"href":"https:\/\/www.messinaoggi.it\/website\/wp-json\/wp\/v2\/media?parent=45211"}],"wp:term":[{"taxonomy":"category","embeddable":true,"href":"https:\/\/www.messinaoggi.it\/website\/wp-json\/wp\/v2\/categories?post=45211"},{"taxonomy":"post_tag","embeddable":true,"href":"https:\/\/www.messinaoggi.it\/website\/wp-json\/wp\/v2\/tags?post=45211"}],"curies":[{"name":"wp","href":"https:\/\/api.w.org\/{rel}","templated":true}]}}