{"id":45200,"date":"2020-07-02T10:10:15","date_gmt":"2020-07-02T08:10:15","guid":{"rendered":"https:\/\/www.messinaoggi.it\/website\/?p=45200"},"modified":"2020-07-02T10:10:15","modified_gmt":"2020-07-02T08:10:15","slug":"respirando-unaria-nuova-cartellone-beffardo-alla-zir","status":"publish","type":"post","link":"https:\/\/www.messinaoggi.it\/website\/2020\/07\/02\/respirando-unaria-nuova-cartellone-beffardo-alla-zir\/","title":{"rendered":"Respirando un&#039;aria nuova, cartellone beffardo alla Zir"},"content":{"rendered":"<p>&#8220;Respirando un&#8217;aria nuova&#8221;: sar\u00e0 pure cos\u00ec, ma la collocazione del poster e soprattutto la spazzatura che lo circonda lascia pensare ad altro.<br \/>\nNon si tratta di pubblicit\u00e0 ingannevole, per carit\u00e0, \u00e8 solo il contesto di degrado che circonda la Zona industriale di Messina, ormai ridotta ad una discarica a cielo aperto.<br \/>\nMontagne di immondizia, sotto il sole a picco di questi giorni, rendono irrespirabile l&#8217;aria ed il cartellone appoggiato al muro sembra quasi beffardo al cospetto della triste realt\u00e0.<br \/>\n<img loading=\"lazy\" class=\"alignnone size-medium wp-image-45204\" src=\"https:\/\/www.messinaoggi.it\/website\/wp-content\/uploads\/2020\/07\/106363166_752399212255758_4688477921587275692_o-1-300x213.jpg\" alt=\"\" width=\"300\" height=\"213\" \/><br \/>\nSituazione disastrosa anche al rione Ferrovieri, dove i cassonetti traboccano e sono circondati da materiale di ogni tipo, eternit compreso. Una situazione delicata dal punto di vista igienico-sanitario che non pu\u00f2 essere sottovalutata con blatte,\u00a0 topi e zanzare che completano il quadro desolante. Ed allora s\u00ec che il condizionatore d&#8217;aria entra in scena, l&#8217;unica soluzione \u00e8 infatti barricarsi in casa&#8230;<div id=\"div-gpt-ad-Messinaoggi.it-DSK-300x250-corpoart\" style=\"text-align:center;margin:0 auto;\"><\/div><\/p>\n<div id=\"videoincontent\" style=\"clear:both\";><\/div>","protected":false},"excerpt":{"rendered":"<p>&#8220;Respirando un&#8217;aria nuova&#8221;: sar\u00e0 pure cos\u00ec, ma la collocazione del poster e soprattutto la spazzatura che lo circonda lascia pensare ad altro. Non si tratta di pubblicit\u00e0 ingannevole, per carit\u00e0, \u00e8 solo il contesto di degrado che circonda la Zona industriale di Messina, ormai ridotta ad una discarica a cielo aperto. Montagne di immondizia, sotto [&hellip;]<\/p>\n","protected":false},"author":4,"featured_media":45205,"comment_status":"closed","ping_status":"closed","sticky":false,"template":"","format":"standard","meta":{"ub_ctt_via":"","_mi_skip_tracking":false},"categories":[19,6],"tags":[],"featured_image_src":"https:\/\/www.messinaoggi.it\/website\/wp-content\/uploads\/2020\/07\/IMG-20200702-WA0001-1.jpg","author_info":{"display_name":"redme","author_link":"https:\/\/www.messinaoggi.it\/website\/author\/redme\/"},"digistream_id":0,"digistream":false,"_links":{"self":[{"href":"https:\/\/www.messinaoggi.it\/website\/wp-json\/wp\/v2\/posts\/45200"}],"collection":[{"href":"https:\/\/www.messinaoggi.it\/website\/wp-json\/wp\/v2\/posts"}],"about":[{"href":"https:\/\/www.messinaoggi.it\/website\/wp-json\/wp\/v2\/types\/post"}],"author":[{"embeddable":true,"href":"https:\/\/www.messinaoggi.it\/website\/wp-json\/wp\/v2\/users\/4"}],"replies":[{"embeddable":true,"href":"https:\/\/www.messinaoggi.it\/website\/wp-json\/wp\/v2\/comments?post=45200"}],"version-history":[{"count":0,"href":"https:\/\/www.messinaoggi.it\/website\/wp-json\/wp\/v2\/posts\/45200\/revisions"}],"wp:featuredmedia":[{"embeddable":true,"href":"https:\/\/www.messinaoggi.it\/website\/wp-json\/wp\/v2\/media\/45205"}],"wp:attachment":[{"href":"https:\/\/www.messinaoggi.it\/website\/wp-json\/wp\/v2\/media?parent=45200"}],"wp:term":[{"taxonomy":"category","embeddable":true,"href":"https:\/\/www.messinaoggi.it\/website\/wp-json\/wp\/v2\/categories?post=45200"},{"taxonomy":"post_tag","embeddable":true,"href":"https:\/\/www.messinaoggi.it\/website\/wp-json\/wp\/v2\/tags?post=45200"}],"curies":[{"name":"wp","href":"https:\/\/api.w.org\/{rel}","templated":true}]}}