{"id":45194,"date":"2020-07-02T07:29:52","date_gmt":"2020-07-02T05:29:52","guid":{"rendered":"https:\/\/www.messinaoggi.it\/website\/?p=45194"},"modified":"2020-07-02T07:29:52","modified_gmt":"2020-07-02T05:29:52","slug":"tennistavolo-top-spin-messina-fontalba-partecipera-alla-europe-cup","status":"publish","type":"post","link":"https:\/\/www.messinaoggi.it\/website\/2020\/07\/02\/tennistavolo-top-spin-messina-fontalba-partecipera-alla-europe-cup\/","title":{"rendered":"TENNISTAVOLO &#8211; Top Spin Messina Fontalba parteciper\u00e0 alla &quot;Europe Cup&quot;"},"content":{"rendered":"<h5><em><b>La squadra del presidente Giorgio Quartuccio vola in Europa<\/b><\/em><\/h5>\n<p> <br \/>\nPer la prima volta nella sua storia la Top Spin Messina Fontalba varcher\u00e0 i confini nazionali e giocher\u00e0 in ambito europeo. Adesso \u00e8 ufficiale, dopo la conferma ricevuta dall\u2019ETTU (European Table Tennis Union): la formazione del presidente Giorgio Quartuccio si misurer\u00e0 su un nuovo e prestigioso palcoscenico per disputare la Europe Cup maschile edizione 2020\/21, seconda competizione continentale a squadre in ordine d\u2019importanza nel tennistavolo.<br \/>\nUn\u2019altra grande conquista, in aggiunta ai quattro trofei vinti nelle ultime due stagioni, che certifica la crescita esponenziale della societ\u00e0 a tutti i livelli. La partecipazione alla prossima Europe Cup, che vedr\u00e0 la Top Spin sfidare club appartenenti a tutte le nazioni del Vecchio Continente, consentir\u00e0 inoltre l\u2019accesso al ranking, fondamentale in vista di una possibile futura iscrizione alla Champions League.<br \/>\n<div id=\"attachment_45195\" style=\"width: 309px\" class=\"wp-caption alignright\"><img aria-describedby=\"caption-attachment-45195\" loading=\"lazy\" class=\" wp-image-45195\" src=\"https:\/\/www.messinaoggi.it\/website\/wp-content\/uploads\/2020\/07\/Il-presidente-Giorgio-Quartuccio-foto-Vincenzo-Nicita-Mauro-200x300-1.jpg\" alt=\"\" width=\"299\" height=\"449\" \/><p id=\"caption-attachment-45195\" class=\"wp-caption-text\">Il Presidente Giorgio Quartuccio<\/p><\/div><br \/>\n<em>&#8220;Dopo l\u2019enorme delusione per la mancata prosecuzione della fase finale del campionato che ci vedeva come la squadra da battere <\/em>\u2013 commenta il presidente Giorgio Quartuccio &#8211;<em> arriva la notizia dell\u2019ammissione alla prossima Europe Cup a dare nuovi stimoli e grande orgoglio alla societ\u00e0. Portare il nome della nostra citt\u00e0 alla ribalta europea \u00e8 motivo di enorme soddisfazione per chi questa squadra l\u2019ha vista crescere da piccola realt\u00e0 locale a punto di riferimento in campo nazionale. Sono certo che i miei ragazzi e i nostri tecnici sapranno ripagare le aspettative di tutto il movimento pongistico siciliano&#8221;<\/em>.<div id=\"div-gpt-ad-Messinaoggi.it-DSK-300x250-corpoart\" style=\"text-align:center;margin:0 auto;\"><\/div><\/p>\n<div id=\"videoincontent\" style=\"clear:both\";><\/div>","protected":false},"excerpt":{"rendered":"<p>La squadra del presidente Giorgio Quartuccio vola in Europa Per la prima volta nella sua storia la Top Spin Messina Fontalba varcher\u00e0 i confini nazionali e giocher\u00e0 in ambito europeo. Adesso \u00e8 ufficiale, dopo la conferma ricevuta dall\u2019ETTU (European Table Tennis Union): la formazione del presidente Giorgio Quartuccio si misurer\u00e0 su un nuovo e prestigioso [&hellip;]<\/p>\n","protected":false},"author":17,"featured_media":45196,"comment_status":"closed","ping_status":"closed","sticky":false,"template":"","format":"standard","meta":{"ub_ctt_via":"","_mi_skip_tracking":false},"categories":[8,9],"tags":[],"featured_image_src":"https:\/\/www.messinaoggi.it\/website\/wp-content\/uploads\/2020\/07\/Top-Spin-Messina-premiazione-Supercoppa.jpg","author_info":{"display_name":"Giuseppe Luppino","author_link":"https:\/\/www.messinaoggi.it\/website\/author\/g-luppino\/"},"digistream_id":0,"digistream":false,"_links":{"self":[{"href":"https:\/\/www.messinaoggi.it\/website\/wp-json\/wp\/v2\/posts\/45194"}],"collection":[{"href":"https:\/\/www.messinaoggi.it\/website\/wp-json\/wp\/v2\/posts"}],"about":[{"href":"https:\/\/www.messinaoggi.it\/website\/wp-json\/wp\/v2\/types\/post"}],"author":[{"embeddable":true,"href":"https:\/\/www.messinaoggi.it\/website\/wp-json\/wp\/v2\/users\/17"}],"replies":[{"embeddable":true,"href":"https:\/\/www.messinaoggi.it\/website\/wp-json\/wp\/v2\/comments?post=45194"}],"version-history":[{"count":0,"href":"https:\/\/www.messinaoggi.it\/website\/wp-json\/wp\/v2\/posts\/45194\/revisions"}],"wp:featuredmedia":[{"embeddable":true,"href":"https:\/\/www.messinaoggi.it\/website\/wp-json\/wp\/v2\/media\/45196"}],"wp:attachment":[{"href":"https:\/\/www.messinaoggi.it\/website\/wp-json\/wp\/v2\/media?parent=45194"}],"wp:term":[{"taxonomy":"category","embeddable":true,"href":"https:\/\/www.messinaoggi.it\/website\/wp-json\/wp\/v2\/categories?post=45194"},{"taxonomy":"post_tag","embeddable":true,"href":"https:\/\/www.messinaoggi.it\/website\/wp-json\/wp\/v2\/tags?post=45194"}],"curies":[{"name":"wp","href":"https:\/\/api.w.org\/{rel}","templated":true}]}}