{"id":45170,"date":"2020-07-01T15:06:44","date_gmt":"2020-07-01T13:06:44","guid":{"rendered":"https:\/\/www.messinaoggi.it\/website\/?p=45170"},"modified":"2020-07-01T15:06:44","modified_gmt":"2020-07-01T13:06:44","slug":"miracolo-tornata-la-luce-in-via-monte-rosa-a-giostra","status":"publish","type":"post","link":"https:\/\/www.messinaoggi.it\/website\/2020\/07\/01\/miracolo-tornata-la-luce-in-via-monte-rosa-a-giostra\/","title":{"rendered":"Miracolo, tornata la luce in via Monte Rosa a Giostra"},"content":{"rendered":"<p style=\"text-align: justify;\">Dopo 10 anni di attesa, da ieri sera \u00e8 tornata la luce in via Monte Rosa, nel popoloso quartiere di Giostra. Un autentico &#8220;miracolo&#8221; reso possibile grazie alle pressanti richieste del consigliere della V Circoscrizione, Giovanni Bucalo.<div id=\"div-gpt-ad-Messinaoggi.it-DSK-300x250-corpoart\" style=\"text-align:center;margin:0 auto;\"><\/div><\/p>\n<p><img loading=\"lazy\" class=\"size-medium wp-image-45169 alignright\" src=\"https:\/\/www.messinaoggi.it\/website\/wp-content\/uploads\/2020\/07\/77ADB28A-7F14-4E5B-887A-B79E61A2FFDB-300x224.jpeg\" alt=\"\" width=\"300\" height=\"224\" \/><div id=\"videoincontent\" style=\"clear:both\";><\/div><\/p>\n<p style=\"text-align: justify;\">La via Monta Rosa, dove si trova fra l&#8217;altro l&#8217;ingresso del Seminario, da ieri sera \u00e8 tornato ad essere illuminato, dopo l&#8217;intervento della squadra dei manutentori che lavorano in appalto per il Comune di Messina.<\/p>\n<p style=\"text-align: justify;\">&#8220;Si tratta di una conquista &#8211; afferma Giovanni Bucalo &#8211; perch\u00e9 dopo tanti anni \u00e8 stato risolto un problema tecnico che impediva all&#8217;impianto di pubblica illuminazione di essere attivo. Sar\u00f2 ripetitivo, ma devo ringraziare vivamente l&#8217;assessore Massimiliano Minutoli che ha preso a cuore le zone periferiche della citt\u00e0, abbandonate da anni nel pi\u00f9 assoluto degrado&#8221;.<\/p>\n","protected":false},"excerpt":{"rendered":"<p>Dopo 10 anni di attesa, da ieri sera \u00e8 tornata la luce in via Monte Rosa, nel popoloso quartiere di Giostra. Un autentico &#8220;miracolo&#8221; reso possibile grazie alle pressanti richieste del consigliere della V Circoscrizione, Giovanni Bucalo. La via Monta Rosa, dove si trova fra l&#8217;altro l&#8217;ingresso del Seminario, da ieri sera \u00e8 tornato ad [&hellip;]<\/p>\n","protected":false},"author":2,"featured_media":45168,"comment_status":"closed","ping_status":"closed","sticky":false,"template":"","format":"standard","meta":{"ub_ctt_via":"","_mi_skip_tracking":false},"categories":[5],"tags":[],"featured_image_src":"https:\/\/www.messinaoggi.it\/website\/wp-content\/uploads\/2020\/07\/B2A362CB-6E02-430D-9DA5-59F6261B3DEA.jpeg","author_info":{"display_name":"Redazione","author_link":"https:\/\/www.messinaoggi.it\/website\/author\/redazione\/"},"digistream_id":0,"digistream":false,"_links":{"self":[{"href":"https:\/\/www.messinaoggi.it\/website\/wp-json\/wp\/v2\/posts\/45170"}],"collection":[{"href":"https:\/\/www.messinaoggi.it\/website\/wp-json\/wp\/v2\/posts"}],"about":[{"href":"https:\/\/www.messinaoggi.it\/website\/wp-json\/wp\/v2\/types\/post"}],"author":[{"embeddable":true,"href":"https:\/\/www.messinaoggi.it\/website\/wp-json\/wp\/v2\/users\/2"}],"replies":[{"embeddable":true,"href":"https:\/\/www.messinaoggi.it\/website\/wp-json\/wp\/v2\/comments?post=45170"}],"version-history":[{"count":0,"href":"https:\/\/www.messinaoggi.it\/website\/wp-json\/wp\/v2\/posts\/45170\/revisions"}],"wp:featuredmedia":[{"embeddable":true,"href":"https:\/\/www.messinaoggi.it\/website\/wp-json\/wp\/v2\/media\/45168"}],"wp:attachment":[{"href":"https:\/\/www.messinaoggi.it\/website\/wp-json\/wp\/v2\/media?parent=45170"}],"wp:term":[{"taxonomy":"category","embeddable":true,"href":"https:\/\/www.messinaoggi.it\/website\/wp-json\/wp\/v2\/categories?post=45170"},{"taxonomy":"post_tag","embeddable":true,"href":"https:\/\/www.messinaoggi.it\/website\/wp-json\/wp\/v2\/tags?post=45170"}],"curies":[{"name":"wp","href":"https:\/\/api.w.org\/{rel}","templated":true}]}}