{"id":45140,"date":"2020-06-30T17:03:19","date_gmt":"2020-06-30T15:03:19","guid":{"rendered":"https:\/\/www.messinaoggi.it\/website\/?p=45140"},"modified":"2020-06-30T17:03:19","modified_gmt":"2020-06-30T15:03:19","slug":"baraccopoli-tavolo-tecnico-a-palazzo-chigi","status":"publish","type":"post","link":"https:\/\/www.messinaoggi.it\/website\/2020\/06\/30\/baraccopoli-tavolo-tecnico-a-palazzo-chigi\/","title":{"rendered":"Baraccopoli, tavolo tecnico a Palazzo Chigi"},"content":{"rendered":"<div dir=\"ltr\">&#8220;Forza Italia vuole, con grande determinazione, che il Parlamento inizi al pi\u00f9 presto l\u2019esame della proposta di legge per lo stop definitivo alle baraccopoli di Messina&#8221;: lo Matilde Siracusano. &#8220;Non c\u2019\u00e8 pi\u00f9 tempo da perdere, non si pu\u00f2 pi\u00f9 tergiversare davanti ad un\u2019emergenza cos\u00ec drammatica.<\/div>\n<div dir=\"ltr\"><\/div>\n<div dir=\"ltr\">Domani pomeriggio il ministro per il Sud, Giuseppe Provenzano, ha convocato a Palazzo Chigi un tavolo tecnico proprio per affrontare e dirimere questo tema, con i capigruppo della Commissione Ambiente di Montecitorio, con i proponenti delle pdl in campo.<\/div>\n<div dir=\"ltr\">Parteciperemo alla riunione con grande spirito costruttivo, ma anche con un chiaro obiettivo: quello di sbloccare una volta per tutte l\u2019iter parlamentare di questa importantissima norma.<\/div>\n<div dir=\"ltr\"><\/div>\n<div dir=\"ltr\">Oltre 8mila cittadini messinesi aspettano da anni un segnale &#8211; denuncia l&#8217;esponente di Forza Italia &#8211; il Parlamento ha il dovere di discutere e approvare una legge diventata indispensabile e non pi\u00f9 rinviabile.<\/div>\n<div dir=\"ltr\"><\/div>\n<div dir=\"ltr\">Vedremo quale sar\u00e0 l\u2019atteggiamento delle altre forze politiche &#8211; Partito democratico e Movimento 5 Stelle in testa &#8211; e capiremo quali iniziative il governo intender\u00e0 perseguire per velocizzare i lavori di questa proposta. Forza Italia non moller\u00e0 di un millimetro&#8221;.<\/div>\n<div id=\"div-gpt-ad-Messinaoggi.it-DSK-300x250-corpoart\" style=\"text-align:center;margin:0 auto;\"><\/div><\/p><div id=\"videoincontent\" style=\"clear:both\";><\/div>","protected":false},"excerpt":{"rendered":"<p>&#8220;Forza Italia vuole, con grande determinazione, che il Parlamento inizi al pi\u00f9 presto l\u2019esame della proposta di legge per lo stop definitivo alle baraccopoli di Messina&#8221;: lo Matilde Siracusano. &#8220;Non c\u2019\u00e8 pi\u00f9 tempo da perdere, non si pu\u00f2 pi\u00f9 tergiversare davanti ad un\u2019emergenza cos\u00ec drammatica. Domani pomeriggio il ministro per il Sud, Giuseppe Provenzano, ha [&hellip;]<\/p>\n","protected":false},"author":4,"featured_media":45141,"comment_status":"closed","ping_status":"closed","sticky":false,"template":"","format":"standard","meta":{"ub_ctt_via":"","_mi_skip_tracking":false},"categories":[4],"tags":[],"featured_image_src":"https:\/\/www.messinaoggi.it\/website\/wp-content\/uploads\/2020\/06\/2ab9bc67-5d95-4420-97f4-484da5db51c6.JPG.jpg","author_info":{"display_name":"redme","author_link":"https:\/\/www.messinaoggi.it\/website\/author\/redme\/"},"digistream_id":0,"digistream":false,"_links":{"self":[{"href":"https:\/\/www.messinaoggi.it\/website\/wp-json\/wp\/v2\/posts\/45140"}],"collection":[{"href":"https:\/\/www.messinaoggi.it\/website\/wp-json\/wp\/v2\/posts"}],"about":[{"href":"https:\/\/www.messinaoggi.it\/website\/wp-json\/wp\/v2\/types\/post"}],"author":[{"embeddable":true,"href":"https:\/\/www.messinaoggi.it\/website\/wp-json\/wp\/v2\/users\/4"}],"replies":[{"embeddable":true,"href":"https:\/\/www.messinaoggi.it\/website\/wp-json\/wp\/v2\/comments?post=45140"}],"version-history":[{"count":0,"href":"https:\/\/www.messinaoggi.it\/website\/wp-json\/wp\/v2\/posts\/45140\/revisions"}],"wp:featuredmedia":[{"embeddable":true,"href":"https:\/\/www.messinaoggi.it\/website\/wp-json\/wp\/v2\/media\/45141"}],"wp:attachment":[{"href":"https:\/\/www.messinaoggi.it\/website\/wp-json\/wp\/v2\/media?parent=45140"}],"wp:term":[{"taxonomy":"category","embeddable":true,"href":"https:\/\/www.messinaoggi.it\/website\/wp-json\/wp\/v2\/categories?post=45140"},{"taxonomy":"post_tag","embeddable":true,"href":"https:\/\/www.messinaoggi.it\/website\/wp-json\/wp\/v2\/tags?post=45140"}],"curies":[{"name":"wp","href":"https:\/\/api.w.org\/{rel}","templated":true}]}}