{"id":45117,"date":"2020-06-29T23:19:22","date_gmt":"2020-06-29T21:19:22","guid":{"rendered":"https:\/\/www.messinaoggi.it\/website\/?p=45117"},"modified":"2020-06-29T23:19:22","modified_gmt":"2020-06-29T21:19:22","slug":"esplode-una-bombola-ce-un-ferito-grave","status":"publish","type":"post","link":"https:\/\/www.messinaoggi.it\/website\/2020\/06\/29\/esplode-una-bombola-ce-un-ferito-grave\/","title":{"rendered":"Esplode una bombola: c\u2019\u00e8 un ferito grave a Barcellona"},"content":{"rendered":"<p>Esplosione in appartamento probabilmente per il cattivo funzionamento di una bombola.<br \/>\n\u00c8 accaduto nel tardo pomeriggio a Falcone, in un appartamento del lungomare.<br \/>\nIl bilancio \u00e8 di una persona gravemente ferita, al punto che \u00e8 \u00a0intervenuto l\u2019elisoccorso per trasportare il malcapitato in ospedale.<br \/>\nIn corso indagini da parte dei carabinieri di Barcellona.<br \/>\nLa persone ferita si trova ricoverata in ospedale in gravi condizioni per via delle ustioni riportate in gran parte del corpo.<div id=\"div-gpt-ad-Messinaoggi.it-DSK-300x250-corpoart\" style=\"text-align:center;margin:0 auto;\"><\/div><\/p>\n<div id=\"videoincontent\" style=\"clear:both\";><\/div>","protected":false},"excerpt":{"rendered":"<p>Esplosione in appartamento probabilmente per il cattivo funzionamento di una bombola. \u00c8 accaduto nel tardo pomeriggio a Falcone, in un appartamento del lungomare. Il bilancio \u00e8 di una persona gravemente ferita, al punto che \u00e8 \u00a0intervenuto l\u2019elisoccorso per trasportare il malcapitato in ospedale. In corso indagini da parte dei carabinieri di Barcellona. La persone ferita [&hellip;]<\/p>\n","protected":false},"author":2,"featured_media":45118,"comment_status":"closed","ping_status":"closed","sticky":false,"template":"","format":"standard","meta":{"ub_ctt_via":"","_mi_skip_tracking":false},"categories":[13,14],"tags":[],"featured_image_src":"https:\/\/www.messinaoggi.it\/website\/wp-content\/uploads\/2020\/06\/28B1B967-F303-45DD-A3D9-2D6F49EE8256.jpeg","author_info":{"display_name":"Redazione","author_link":"https:\/\/www.messinaoggi.it\/website\/author\/redazione\/"},"digistream_id":0,"digistream":false,"_links":{"self":[{"href":"https:\/\/www.messinaoggi.it\/website\/wp-json\/wp\/v2\/posts\/45117"}],"collection":[{"href":"https:\/\/www.messinaoggi.it\/website\/wp-json\/wp\/v2\/posts"}],"about":[{"href":"https:\/\/www.messinaoggi.it\/website\/wp-json\/wp\/v2\/types\/post"}],"author":[{"embeddable":true,"href":"https:\/\/www.messinaoggi.it\/website\/wp-json\/wp\/v2\/users\/2"}],"replies":[{"embeddable":true,"href":"https:\/\/www.messinaoggi.it\/website\/wp-json\/wp\/v2\/comments?post=45117"}],"version-history":[{"count":0,"href":"https:\/\/www.messinaoggi.it\/website\/wp-json\/wp\/v2\/posts\/45117\/revisions"}],"wp:featuredmedia":[{"embeddable":true,"href":"https:\/\/www.messinaoggi.it\/website\/wp-json\/wp\/v2\/media\/45118"}],"wp:attachment":[{"href":"https:\/\/www.messinaoggi.it\/website\/wp-json\/wp\/v2\/media?parent=45117"}],"wp:term":[{"taxonomy":"category","embeddable":true,"href":"https:\/\/www.messinaoggi.it\/website\/wp-json\/wp\/v2\/categories?post=45117"},{"taxonomy":"post_tag","embeddable":true,"href":"https:\/\/www.messinaoggi.it\/website\/wp-json\/wp\/v2\/tags?post=45117"}],"curies":[{"name":"wp","href":"https:\/\/api.w.org\/{rel}","templated":true}]}}