{"id":45057,"date":"2020-06-28T08:00:26","date_gmt":"2020-06-28T06:00:26","guid":{"rendered":"https:\/\/www.messinaoggi.it\/website\/?p=45057"},"modified":"2020-06-28T08:00:26","modified_gmt":"2020-06-28T06:00:26","slug":"coronavirus-messina-avra-106-posti-di-terapia-intensiva","status":"publish","type":"post","link":"https:\/\/www.messinaoggi.it\/website\/2020\/06\/28\/coronavirus-messina-avra-106-posti-di-terapia-intensiva\/","title":{"rendered":"Coronavirus, Messina avr\u00e0 106 posti di terapia intensiva"},"content":{"rendered":"<p>La Sicilia potenzia le terapie intensive e sub intensive. E\u2019 la misura di rafforzamento, prevista dal decreto legge del 19 maggio 2020, che interviene sulla rete ospedaliera in emergenza Covid adottata dal Governo regionale. Sono complessivamente 1.070 i nuovi posti letto: circa duecento nelle terapie intensive e altri 350 di terapia sub-intensiva, di cui la met\u00e0 potr\u00e0 essere immediatamente convertita in cure intensive in caso di necessit\u00e0 a causa della pandemia.<br \/>\n\u201cE\u2019 la dimostrazione \u2013 commenta il presidente della Regione, Nello Musumeci \u2013 che non abbassiamo la guardia. Ci auguriamo di non dovere mai adoperare nessuno di questi nuovi posti, ma in caso di necessit\u00e0 saremo pronti anche stavolta\u201d.<br \/>\nL\u2019investimento complessivo \u00e8 di circa 130 milioni di euro, di cui 56 per le terapie intensiva e 53 per la sub-intensiva. Per la ristrutturazione dei pronto soccorso, con la separazione dei percorsi assistenziali e le aree di permanenza, invece, sono stanziati 21 milioni di euro.<br \/>\nEcco i dati dei posti letto in terapia intensiva programmati per provincia.<br \/>\nAgrigento passa da 24 della rete ospedaliera a 38 (e 30 in subintensiva).<br \/>\nCaltanissetta da 22 a 36 (18).<br \/>\nCatania da 144 a 171 (88).<br \/>\nEnna da 12 a 28 (8).<br \/>\n<strong>Messina da 70 a 106 (48).<\/strong><br \/>\nPalermo da 164 a 212 (96).<br \/>\nRagusa da 30 a 40 (22).<br \/>\nSiracusa da 37 a 53 (16).<br \/>\nTrapani da 26 a 36 (24).<div id=\"div-gpt-ad-Messinaoggi.it-DSK-300x250-corpoart\" style=\"text-align:center;margin:0 auto;\"><\/div><\/p>\n<div id=\"videoincontent\" style=\"clear:both\";><\/div>","protected":false},"excerpt":{"rendered":"<p>La Sicilia potenzia le terapie intensive e sub intensive. E\u2019 la misura di rafforzamento, prevista dal decreto legge del 19 maggio 2020, che interviene sulla rete ospedaliera in emergenza Covid adottata dal Governo regionale. Sono complessivamente 1.070 i nuovi posti letto: circa duecento nelle terapie intensive e altri 350 di terapia sub-intensiva, di cui la [&hellip;]<\/p>\n","protected":false},"author":4,"featured_media":43501,"comment_status":"closed","ping_status":"closed","sticky":false,"template":"","format":"standard","meta":{"ub_ctt_via":"","_mi_skip_tracking":false},"categories":[221,19],"tags":[],"featured_image_src":"https:\/\/www.messinaoggi.it\/website\/wp-content\/uploads\/2020\/05\/IMG-20200512-WA0017-1.jpg","author_info":{"display_name":"redme","author_link":"https:\/\/www.messinaoggi.it\/website\/author\/redme\/"},"digistream_id":0,"digistream":false,"_links":{"self":[{"href":"https:\/\/www.messinaoggi.it\/website\/wp-json\/wp\/v2\/posts\/45057"}],"collection":[{"href":"https:\/\/www.messinaoggi.it\/website\/wp-json\/wp\/v2\/posts"}],"about":[{"href":"https:\/\/www.messinaoggi.it\/website\/wp-json\/wp\/v2\/types\/post"}],"author":[{"embeddable":true,"href":"https:\/\/www.messinaoggi.it\/website\/wp-json\/wp\/v2\/users\/4"}],"replies":[{"embeddable":true,"href":"https:\/\/www.messinaoggi.it\/website\/wp-json\/wp\/v2\/comments?post=45057"}],"version-history":[{"count":0,"href":"https:\/\/www.messinaoggi.it\/website\/wp-json\/wp\/v2\/posts\/45057\/revisions"}],"wp:featuredmedia":[{"embeddable":true,"href":"https:\/\/www.messinaoggi.it\/website\/wp-json\/wp\/v2\/media\/43501"}],"wp:attachment":[{"href":"https:\/\/www.messinaoggi.it\/website\/wp-json\/wp\/v2\/media?parent=45057"}],"wp:term":[{"taxonomy":"category","embeddable":true,"href":"https:\/\/www.messinaoggi.it\/website\/wp-json\/wp\/v2\/categories?post=45057"},{"taxonomy":"post_tag","embeddable":true,"href":"https:\/\/www.messinaoggi.it\/website\/wp-json\/wp\/v2\/tags?post=45057"}],"curies":[{"name":"wp","href":"https:\/\/api.w.org\/{rel}","templated":true}]}}