{"id":45051,"date":"2020-06-27T16:19:16","date_gmt":"2020-06-27T14:19:16","guid":{"rendered":"https:\/\/www.messinaoggi.it\/website\/?p=45051"},"modified":"2020-06-27T16:19:16","modified_gmt":"2020-06-27T14:19:16","slug":"covid-19-la-regione-siciliana-sospende-i-report","status":"publish","type":"post","link":"https:\/\/www.messinaoggi.it\/website\/2020\/06\/27\/covid-19-la-regione-siciliana-sospende-i-report\/","title":{"rendered":"Covid 19, la Regione siciliana sospende i report"},"content":{"rendered":"<p><span style=\"color: #222222;\"><span style=\"font-family: Arial, Helvetica, sans-serif;\"><span style=\"font-size: medium;\">Stop ai bollettini regionali sul Covid in Sicilia.\u00a0Con l&#8217;abbassamento dei dati di contagi, la Regione siciliana ha deciso di sospendere l&#8217;invio periodico dei bollettini ufficiali. Una scelta che era nell&#8217;aria gi\u00e0 da qualche tempo visto che i bollettini, prima quotidiani, erano stati sospesi nel fine settimana, poi ridotti a tre nelle giornate di luned\u00ec, mercoled\u00ec e venerd\u00ec.<\/span><\/span><\/span><br \/>\n<span style=\"color: #222222;\"><span style=\"font-family: Arial, Helvetica, sans-serif;\"><span style=\"font-size: medium;\">In seguito saltarono le comunicazioni in coincidenza di modifiche al sistema nazionale. Adesso arriva lo stop formale e ufficiale.\u00a0<\/span><\/span><\/span><span style=\"color: #222222;\"><span style=\"font-family: Arial, Helvetica, sans-serif;\"><span style=\"font-size: medium;\">In realt\u00e0 la scelta segue una comunicazione nazionale con la quale il Ministero avoca a s\u00e9 la raccolta dei dati.\u00a0<\/span><\/span><\/span><div id=\"div-gpt-ad-Messinaoggi.it-DSK-300x250-corpoart\" style=\"text-align:center;margin:0 auto;\"><\/div><\/p>\n<div id=\"videoincontent\" style=\"clear:both\";><\/div>","protected":false},"excerpt":{"rendered":"<p>Stop ai bollettini regionali sul Covid in Sicilia.\u00a0Con l&#8217;abbassamento dei dati di contagi, la Regione siciliana ha deciso di sospendere l&#8217;invio periodico dei bollettini ufficiali. Una scelta che era nell&#8217;aria gi\u00e0 da qualche tempo visto che i bollettini, prima quotidiani, erano stati sospesi nel fine settimana, poi ridotti a tre nelle giornate di luned\u00ec, mercoled\u00ec [&hellip;]<\/p>\n","protected":false},"author":4,"featured_media":41751,"comment_status":"closed","ping_status":"closed","sticky":false,"template":"","format":"standard","meta":{"ub_ctt_via":"","_mi_skip_tracking":false},"categories":[221],"tags":[],"featured_image_src":"https:\/\/www.messinaoggi.it\/website\/wp-content\/uploads\/2020\/03\/tamponi-coronavirus-653x367-2.jpg","author_info":{"display_name":"redme","author_link":"https:\/\/www.messinaoggi.it\/website\/author\/redme\/"},"digistream_id":0,"digistream":false,"_links":{"self":[{"href":"https:\/\/www.messinaoggi.it\/website\/wp-json\/wp\/v2\/posts\/45051"}],"collection":[{"href":"https:\/\/www.messinaoggi.it\/website\/wp-json\/wp\/v2\/posts"}],"about":[{"href":"https:\/\/www.messinaoggi.it\/website\/wp-json\/wp\/v2\/types\/post"}],"author":[{"embeddable":true,"href":"https:\/\/www.messinaoggi.it\/website\/wp-json\/wp\/v2\/users\/4"}],"replies":[{"embeddable":true,"href":"https:\/\/www.messinaoggi.it\/website\/wp-json\/wp\/v2\/comments?post=45051"}],"version-history":[{"count":0,"href":"https:\/\/www.messinaoggi.it\/website\/wp-json\/wp\/v2\/posts\/45051\/revisions"}],"wp:featuredmedia":[{"embeddable":true,"href":"https:\/\/www.messinaoggi.it\/website\/wp-json\/wp\/v2\/media\/41751"}],"wp:attachment":[{"href":"https:\/\/www.messinaoggi.it\/website\/wp-json\/wp\/v2\/media?parent=45051"}],"wp:term":[{"taxonomy":"category","embeddable":true,"href":"https:\/\/www.messinaoggi.it\/website\/wp-json\/wp\/v2\/categories?post=45051"},{"taxonomy":"post_tag","embeddable":true,"href":"https:\/\/www.messinaoggi.it\/website\/wp-json\/wp\/v2\/tags?post=45051"}],"curies":[{"name":"wp","href":"https:\/\/api.w.org\/{rel}","templated":true}]}}