{"id":45049,"date":"2020-06-27T16:04:42","date_gmt":"2020-06-27T14:04:42","guid":{"rendered":"https:\/\/www.messinaoggi.it\/website\/?p=45049"},"modified":"2020-06-27T16:04:42","modified_gmt":"2020-06-27T14:04:42","slug":"no-voucher-la-petizione-on-line-di-confconsumatori-sfonda-il-tetto-delle-20mila-firme","status":"publish","type":"post","link":"https:\/\/www.messinaoggi.it\/website\/2020\/06\/27\/no-voucher-la-petizione-on-line-di-confconsumatori-sfonda-il-tetto-delle-20mila-firme\/","title":{"rendered":"No voucher, la petizione on line di Confconsumatori sfonda il tetto delle 20mila firme"},"content":{"rendered":"<p align=\"justify\"><span style=\"font-family: Verdana, sans-serif;\"><span style=\"font-size: small;\">La <\/span><\/span><span style=\"font-family: Verdana, sans-serif;\"><span style=\"font-size: small;\">petizione online <\/span><\/span><span style=\"font-family: Verdana, sans-serif;\"><span style=\"font-size: small;\">su \u201cChange.org\u201d, promossa da Confconsumatori al fine di far ottenere ai consumatori il rimborso in denaro, ha <\/span><\/span><span style=\"font-family: Verdana, sans-serif;\"><span style=\"font-size: small;\">superato le 20.300 firme<\/span><\/span><span style=\"font-family: Verdana, sans-serif;\"><span style=\"font-size: small;\"> e il conteggio continua a salire di ora in ora. <\/span><\/span><span style=\"font-family: Verdana, sans-serif;\"><span style=\"font-size: small;\">Un risultato importante che\u00a0<\/span><\/span><span style=\"font-family: Verdana, sans-serif;\"><span style=\"font-size: small;\">conferma\u00a0<\/span><\/span><span style=\"font-family: Verdana, sans-serif;\"><span style=\"font-size: small;\">l\u2019ingiustizia delle disposizioni legislative<\/span><\/span><span style=\"font-family: Verdana, sans-serif;\"><span style=\"font-size: small;\"> di fine aprile che consentono tutt\u2019ora agli operatori di rimborsare a mezzo voucher chi ha acquistato biglietti per trasporti, concerti ed eventi o ha prenotato vacanze, a causa dell\u2019emergenza sanitaria da Coronavirus.<\/span><\/span><div id=\"div-gpt-ad-Messinaoggi.it-DSK-300x250-corpoart\" style=\"text-align:center;margin:0 auto;\"><\/div><\/p>\n<p align=\"justify\"><span style=\"font-family: Verdana, sans-serif;\"><span style=\"font-size: small;\">Confconsumatori lo aveva sostenuto da subito, sin dall&#8217;emanazione del decreto legge successivamente convertito in legge, che si trattava di <\/span><\/span><span style=\"font-family: Verdana, sans-serif;\"><span style=\"font-size: small;\">una soluzione scellerata che chiudeva totalmente alla possibilit\u00e0 di rimborso in denaro<\/span><\/span><span style=\"font-family: Verdana, sans-serif;\"><span style=\"font-size: small;\">. L\u2019associazione lo aveva sostenuto anche nelle <\/span><\/span><span style=\"font-family: Verdana, sans-serif;\"><span style=\"font-size: small;\">audizioni parlamentari<\/span><\/span><span style=\"font-family: Verdana, sans-serif;\"><span style=\"font-size: small;\"> di questo periodo e nella <\/span><\/span><span style=\"font-family: Verdana, sans-serif;\"><span style=\"font-size: small;\">richiesta di un tavolo di lavoro<\/span><\/span><span style=\"font-family: Verdana, sans-serif;\"><span style=\"font-size: small;\"> che affrontasse la questione.<\/span><\/span><div id=\"videoincontent\" style=\"clear:both\";><\/div><\/p>\n<p align=\"justify\"><span style=\"font-family: Verdana, sans-serif;\"><span style=\"font-size: small;\">Gli interventi sul punto dell&#8217;<\/span><\/span><span style=\"font-family: Verdana, sans-serif;\"><span style=\"font-size: small;\">Antitrust<\/span><\/span><span style=\"font-family: Verdana, sans-serif;\"><span style=\"font-size: small;\"> e della <\/span><\/span><span style=\"font-family: Verdana, sans-serif;\"><span style=\"font-size: small;\">Commissione Europea<\/span><\/span><span style=\"font-family: Verdana, sans-serif;\"><span style=\"font-size: small;\"> hanno <\/span><\/span><span style=\"font-family: Verdana, sans-serif;\"><span style=\"font-size: small;\">confermato<\/span><\/span><span style=\"font-family: Verdana, sans-serif;\"><span style=\"font-size: small;\"> che non si trattava, cos\u00ec come non si tratta, di una mera posizione rivendicazionistica, ma della <\/span><\/span><span style=\"font-family: Verdana, sans-serif;\"><span style=\"font-size: small;\">contestazione di una soluzione ingiusta<\/span><\/span><span style=\"font-family: Verdana, sans-serif;\"><span style=\"font-size: small;\">, da molti punti di vista.<\/span><\/span><\/p>\n<p align=\"justify\"><span style=\"font-family: Verdana, sans-serif;\"><span style=\"font-size: small;\">&#8220;La <\/span><\/span><span style=\"font-family: Verdana, sans-serif;\"><span style=\"font-size: small;\">petizione online <\/span><\/span><span style=\"font-family: Verdana, sans-serif;\"><span style=\"font-size: small;\">\u2013 <\/span><\/span><span style=\"font-family: Verdana, sans-serif;\"><span style=\"font-size: small;\">spiega l\u2019avv.\u00a0<\/span><\/span><span style=\"font-family: Verdana, sans-serif;\"><span style=\"font-size: small;\">Carmelo Cal\u00ec<\/span><\/span><span style=\"font-family: Verdana, sans-serif;\"><span style=\"font-size: small;\">, r<\/span><\/span><span style=\"font-family: Verdana, sans-serif;\"><span style=\"font-size: small;\">esponsabile nazionale del Settore Trasporti dell\u2019associazione &#8211; \u00e8 stata rivolta ai Presidenti di Camera e Senato, al Presidente del Consiglio dei Ministri ed al Presidente della Repubblica e ci auguriamo, che, dopo questo primo risultato, tali Autorit\u00e0 <\/span><\/span><span style=\"font-family: Verdana, sans-serif;\"><span style=\"font-size: small;\">si rendano conto che una modifica legislativa non \u00e9 pi\u00f9 rinviabile&#8221;.<\/span><\/span><\/p>\n<p align=\"justify\"><span style=\"font-family: Verdana, sans-serif;\"><span style=\"font-size: small;\">Confconsumatori proseguir\u00e0 nella sua battaglia <\/span><\/span><span style=\"font-family: Verdana, sans-serif;\"><span style=\"font-size: small;\">continuando, innanzitutto, a chiedere il sostegno alla sua posizione, proseguendo con la petizione online su \u201cChange.org\u201d, affinch\u00e9 altre <\/span><\/span><span style=\"font-family: Verdana, sans-serif;\"><span style=\"font-size: small;\">firme<\/span><\/span><span style=\"font-family: Verdana, sans-serif;\"><span style=\"font-size: small;\"> vadano ad aggiungersi alle <\/span><\/span><span style=\"font-family: Verdana, sans-serif;\"><span style=\"font-size: small;\">gi\u00e0 20.347<\/span><\/span><span style=\"font-family: Verdana, sans-serif;\"><span style=\"font-size: small;\"> risultanti ad oggi.<\/span><\/span><\/p>\n<p align=\"justify\"><span style=\"font-family: Verdana, sans-serif;\"><span style=\"font-size: small;\">A questo link <\/span><\/span><span style=\"font-family: Verdana, sans-serif;\"><span style=\"font-size: small;\"><a href=\"http:\/\/chng.it\/8fWsDtXGLh\" target=\"_blank\" rel=\"noopener noreferrer\">http:\/\/chng.it\/8fWsDtXGLh<\/a><\/span><\/span><span style=\"font-family: Verdana, sans-serif;\"><span style=\"font-size: small;\"> chiunque vorr\u00e0 potr\u00e0 <\/span><\/span><span style=\"font-family: Verdana, sans-serif;\"><span style=\"font-size: small;\">sottoscrivere la petizione e condividerla <\/span><\/span><span style=\"font-family: Verdana, sans-serif;\"><span style=\"font-size: small;\">anche sui canali social.<\/span><\/span><\/p>\n<p align=\"justify\"><span style=\"font-family: Verdana, sans-serif;\"><span style=\"font-size: small;\">Oltre a quanto autorevolmente scritto dall&#8217;Antitrust e dalla Commissione Europea, Confconsumatori ribadisce che il <\/span><\/span><span style=\"font-family: Verdana, sans-serif;\"><span style=\"font-size: small;\">voucher<\/span><\/span><span style=\"font-family: Verdana, sans-serif;\"><span style=\"font-size: small;\"> al posto del rimborso in denaro, oltre che non condivisibile, \u00e9 <\/span><\/span><span style=\"font-family: Verdana, sans-serif;\"><span style=\"font-size: small;\">oggettivamente ingiusto<\/span><\/span><span style=\"font-family: Verdana, sans-serif;\"><span style=\"font-size: small;\"> perch\u00e9 <\/span><\/span><span style=\"font-family: Verdana, sans-serif;\"><span style=\"font-size: small;\">non garantisce al consumatore la restituzione effettiva del servizio acquistato. <\/span><\/span><span style=\"font-family: Verdana, sans-serif;\"><span style=\"font-size: small;\">Infatti, nel momento in cui il <\/span><\/span><span style=\"font-family: Verdana, sans-serif;\"><span style=\"font-size: small;\">turista<\/span><\/span><span style=\"font-family: Verdana, sans-serif;\"><span style=\"font-size: small;\"> sceglier\u00e0 di utilizzare il voucher per l&#8217;acquisto di un nuovo <\/span><\/span><span style=\"font-family: Verdana, sans-serif;\"><span style=\"font-size: small;\">pacchetto turistico<\/span><\/span><span style=\"font-family: Verdana, sans-serif;\"><span style=\"font-size: small;\">,<\/span><\/span><span style=\"font-family: Verdana, sans-serif;\"><span style=\"font-size: small;\"> si potrebbe trovare di fronte ad una lievitazione dei prezzi che lo <\/span><\/span><span style=\"font-family: Verdana, sans-serif;\"><span style=\"font-size: small;\">costringerebbe ad un ulteriore esborso per garantirsi un pacchetto turistico di qualit\u00e0 equivalente a quello annullato<\/span><\/span><span style=\"font-family: Verdana, sans-serif;\"><span style=\"font-size: small;\">. Difatti, la legge di conversione n. 27\/2020 non prevede e garantisce che il voucher consenta la possibilit\u00e0 di usufruire di un pacchetto turistico di qualit\u00e0 equivalente a quello acquistato.<\/span><\/span><\/p>\n<p align=\"justify\"><span style=\"font-family: Verdana, sans-serif;\"><span style=\"font-size: small;\">Anche per i <\/span><\/span><span style=\"font-family: Verdana, sans-serif;\"><span style=\"font-size: small;\">titoli di viaggio <\/span><\/span><span style=\"font-family: Verdana, sans-serif;\"><span style=\"font-size: small;\">si pone la <\/span><\/span><span style=\"font-family: Verdana, sans-serif;\"><span style=\"font-size: small;\">stessa questione <\/span><\/span><span style=\"font-family: Verdana, sans-serif;\"><span style=\"font-size: small;\">perch\u00e9 nel momento in cui il passeggero sceglier\u00e0 di utilizzare il voucher per l&#8217;acquisto di un nuovo biglietto si potrebbe trovare anche in questo caso di fronte ad una lievitazione dei prezzi, che <\/span><\/span><span style=\"font-family: Verdana, sans-serif;\"><span style=\"font-size: small;\">lo costringerebbe ad un ulteriore esborso per garantirsi la stessa tratta<\/span><\/span><span style=\"font-family: Verdana, sans-serif;\"><span style=\"font-size: small;\"> del titolo di viaggio annullato. Ed anche in questo caso la legge nulla prevede a tutela della effettivit\u00e0 del servizio.<\/span><\/span><\/p>\n<p align=\"justify\"><span style=\"font-family: Verdana, sans-serif;\"><span style=\"font-size: small;\">Stessa sorte<\/span><\/span><span style=\"font-family: Verdana, sans-serif;\"><span style=\"font-size: small;\">, sempre nel silenzio della legge, \u00e9 riservata ai <\/span><\/span><span style=\"font-family: Verdana, sans-serif;\"><span style=\"font-size: small;\">soggiorni<\/span><\/span><span style=\"font-family: Verdana, sans-serif;\"><span style=\"font-size: small;\"> perch\u00e9 nel momento in cui il turista sceglier\u00e0 di utilizzarlo per l&#8217;acquisto di un nuovo soggiorno, si potrebbe trovare di fronte ad una lievitazione dei prezzi che <\/span><\/span><span style=\"font-family: Verdana, sans-serif;\"><span style=\"font-size: small;\">lo costringerebbe ad un ulteriore esborso per garantirsi lo stesso periodo di vacanza e di qualit\u00e0 equivalente a quella annullata<\/span><\/span><span style=\"font-family: Verdana, sans-serif;\"><span style=\"font-size: small;\">.<\/span><\/span><\/p>\n<p align=\"justify\"><span style=\"font-family: Verdana, sans-serif;\"><span style=\"font-size: small;\">Tornando ai pacchetti turistici, altra questione non garantita dal voucher \u00e8 la <\/span><\/span><span style=\"font-family: Verdana, sans-serif;\"><span style=\"font-size: small;\">mancata previsione della possibilit\u00e0 per il consumatore<\/span><\/span><span style=\"font-family: Verdana, sans-serif;\"><span style=\"font-size: small;\">, gi\u00e0 disciplinata nel Codice del Turismo all\u2019art. 38, <\/span><\/span><span style=\"font-family: Verdana, sans-serif;\"><span style=\"font-size: small;\">di poter<\/span><\/span><span style=\"font-family: Verdana, sans-serif;\"><span style=\"font-size: small;\">cedere<\/span><\/span><span style=\"font-family: Verdana, sans-serif;\"><span style=\"font-size: small;\">, previo preavviso dato all&#8217;organizzatore, <\/span><\/span><span style=\"font-family: Verdana, sans-serif;\"><span style=\"font-size: small;\">il contratto di pacchetto turistico<\/span><\/span><span style=\"font-family: Verdana, sans-serif;\"><span style=\"font-size: small;\"> a una persona che soddisfa tutte le condizioni per la fruizione del servizio. Su tale aspetto <\/span><\/span><span style=\"font-family: Verdana, sans-serif;\"><span style=\"font-size: small;\">nulla ha previsto la legge per una possibile estensione al voucher e tanto meno per i titoli di viaggio e soggiorni<\/span><\/span><span style=\"font-family: Verdana, sans-serif;\"><span style=\"font-size: small;\"> dove non esiste una norma specifica come quella sopra indicata.<\/span><\/span><\/p>\n<p align=\"justify\"><span style=\"font-family: Verdana, sans-serif;\"><span style=\"font-size: small;\">Per tali motivi il voucher, a prescindere dalla brevit\u00e0 della durata di un anno, \u00e9 una soluzione del tutto ingiusta di per s\u00e9<\/span><\/span><span style=\"font-family: Verdana, sans-serif;\"><span style=\"font-size: small;\">.<\/span><\/span><\/p>\n<p align=\"justify\"><span style=\"font-family: Verdana, sans-serif;\"><span style=\"font-size: small;\">&#8220;Aver superato le ventimila firme &#8211; hanno dichiarato <\/span><\/span><span style=\"font-family: Verdana, sans-serif;\"><span style=\"font-size: small;\">Mara Colla<\/span><\/span><span style=\"font-family: Verdana, sans-serif;\"><span style=\"font-size: small;\">, Presidente nazionale di Confconsumatori e l\u2019Avvocato <\/span><\/span><span style=\"font-family: Verdana, sans-serif;\"><span style=\"font-size: small;\">Carmelo Cal\u00ec<\/span><\/span><span style=\"font-family: Verdana, sans-serif;\"><span style=\"font-size: small;\"> &#8211; costituisce un primo risultato importante che ci d\u00e0 molta soddisfazione. Ci fa capire che <\/span><\/span><span style=\"font-family: Verdana, sans-serif;\"><span style=\"font-size: small;\">abbiamo interpretato una legittima domanda dei cittadini <\/span><\/span><span style=\"font-family: Verdana, sans-serif;\"><span style=\"font-size: small;\">alla quale dobbiamo rispondere con grande senso di responsabilit\u00e0 proseguendo nella battaglia perch\u00e9 <\/span><\/span><span style=\"font-family: Verdana, sans-serif;\"><span style=\"font-size: small;\">non riteniamo la questione chiusa<\/span><\/span><span style=\"font-family: Verdana, sans-serif;\"><span style=\"font-size: small;\">. <\/span><\/span><span style=\"font-family: Verdana, sans-serif;\"><span style=\"font-size: small;\">Continueremo la nostra battaglia a tutela dei consumatori<\/span><\/span><span style=\"font-family: Verdana, sans-serif;\"><span style=\"font-size: small;\">, purtroppo frettolosamente dimenticati da questi provvedimenti legislativi. Chiediamo ai consumatori di dare ulteriore forza alla nostra battaglia, che \u00e8 anche la loro battaglia, continuando a sottoscrivere e a far sottoscrivere la petizione on line&#8221;.<\/span><\/span><\/p>\n","protected":false},"excerpt":{"rendered":"<p>La petizione online su \u201cChange.org\u201d, promossa da Confconsumatori al fine di far ottenere ai consumatori il rimborso in denaro, ha superato le 20.300 firme e il conteggio continua a salire di ora in ora. Un risultato importante che\u00a0conferma\u00a0l\u2019ingiustizia delle disposizioni legislative di fine aprile che consentono tutt\u2019ora agli operatori di rimborsare a mezzo voucher chi [&hellip;]<\/p>\n","protected":false},"author":4,"featured_media":12726,"comment_status":"closed","ping_status":"closed","sticky":false,"template":"","format":"standard","meta":{"ub_ctt_via":"","_mi_skip_tracking":false},"categories":[11],"tags":[],"featured_image_src":"https:\/\/www.messinaoggi.it\/website\/wp-content\/uploads\/2017\/12\/carmelo-cali-sin-confconsumatori.jpg","author_info":{"display_name":"redme","author_link":"https:\/\/www.messinaoggi.it\/website\/author\/redme\/"},"digistream_id":0,"digistream":false,"_links":{"self":[{"href":"https:\/\/www.messinaoggi.it\/website\/wp-json\/wp\/v2\/posts\/45049"}],"collection":[{"href":"https:\/\/www.messinaoggi.it\/website\/wp-json\/wp\/v2\/posts"}],"about":[{"href":"https:\/\/www.messinaoggi.it\/website\/wp-json\/wp\/v2\/types\/post"}],"author":[{"embeddable":true,"href":"https:\/\/www.messinaoggi.it\/website\/wp-json\/wp\/v2\/users\/4"}],"replies":[{"embeddable":true,"href":"https:\/\/www.messinaoggi.it\/website\/wp-json\/wp\/v2\/comments?post=45049"}],"version-history":[{"count":0,"href":"https:\/\/www.messinaoggi.it\/website\/wp-json\/wp\/v2\/posts\/45049\/revisions"}],"wp:featuredmedia":[{"embeddable":true,"href":"https:\/\/www.messinaoggi.it\/website\/wp-json\/wp\/v2\/media\/12726"}],"wp:attachment":[{"href":"https:\/\/www.messinaoggi.it\/website\/wp-json\/wp\/v2\/media?parent=45049"}],"wp:term":[{"taxonomy":"category","embeddable":true,"href":"https:\/\/www.messinaoggi.it\/website\/wp-json\/wp\/v2\/categories?post=45049"},{"taxonomy":"post_tag","embeddable":true,"href":"https:\/\/www.messinaoggi.it\/website\/wp-json\/wp\/v2\/tags?post=45049"}],"curies":[{"name":"wp","href":"https:\/\/api.w.org\/{rel}","templated":true}]}}