{"id":44994,"date":"2020-06-25T17:36:13","date_gmt":"2020-06-25T15:36:13","guid":{"rendered":"https:\/\/www.messinaoggi.it\/website\/?p=44994"},"modified":"2020-06-25T17:36:13","modified_gmt":"2020-06-25T15:36:13","slug":"sicilia-da-nord-a-sud-dal-1998-ad-oggi-ecco-i-primi-7-km","status":"publish","type":"post","link":"https:\/\/www.messinaoggi.it\/website\/2020\/06\/25\/sicilia-da-nord-a-sud-dal-1998-ad-oggi-ecco-i-primi-7-km\/","title":{"rendered":"Sicilia da nord a sud: dal 1998 ad oggi ecco i primi 7 km"},"content":{"rendered":"<p>E\u2019 una storia infinita quella che vede la gestazione del tratto della Ss 117 nord-sud, da Gela a Santo Stefano di Camastra, appaltato nel 1998, con un costo finora di oltre 100 milioni di euro e non ancora completata.<br \/>\nOggi alla cerimonia di apertura del tratto di 7 chilometri che va da Nicosia a Mistretta il vice ministro alle Infrastrutture e ai trasporti Giancarlo Cancellieri rassicura: \u201cApriremo il cantiere tra la fine di quest\u2019anno e gli inizi dell\u2019anno prossimo. Poi ci sar\u00e0 un po\u2019 di bel tempo per i lavori. Per\u00f2 avviamoli questi lavori e poi, quando avremo pi\u00f9 in concreto quello che \u00e8 anche l\u2019impegno della azienda che entra in cantiere vi sapremo dire quali sono i tempi\u201d.<br \/>\n\u201cIl problema \u2013 ha spiegato Cancelleri \u2013 \u00e8 che siamo stati vittime di un primo abbandono della prima azienda e di un secondo abbandono della seconda azienda e questo ha creato delle lungaggini che hanno portato ad avere un nuovo riappalto dei lavori. Speriamo di scrivere la parola fine nel pi\u00f9 breve tempo possibile perch\u00e9 vogliamo arrivare da Nicosia direttamente a Santo Stefano di Camastra\u201d.<br \/>\nLa Regione aveva chiesto il commissariamento di Anas Sicilia e, oggi, grande assente era proprio la Regione e il suo assessore, Marco Falcone. \u201cIo mando un grande abbraccio a Marco Falcone che \u00e8 un instancabile lavoratore \u2013 aggiunge Cancellieri \u2013 e gli ricordo, per\u00f2, che le polemiche non aprono strade e non costruiscono n\u00e9 gallerie n\u00e9 costruiscono ponti. Se vuole venire a collaborare io e l\u2019amministratore delegato siamo ben lieti di accoglierlo a braccia aperte \u201c.<br \/>\nSulla vicenda interviene anche l\u2019amministratore delegato di Anas, Massimo Simonini: \u201cHo invitato personalmente Falcone e ho cercato anche il presidente Musumeci perch\u00e9 al di l\u00e0 delle polemiche il lavoro di tutti quanti \u00e8 questo, pi\u00f9 opere riusciamo ad aprire, pi\u00f9 contenti siamo tutti\u201d.<div id=\"div-gpt-ad-Messinaoggi.it-DSK-300x250-corpoart\" style=\"text-align:center;margin:0 auto;\"><\/div><\/p>\n<div id=\"videoincontent\" style=\"clear:both\";><\/div>","protected":false},"excerpt":{"rendered":"<p>E\u2019 una storia infinita quella che vede la gestazione del tratto della Ss 117 nord-sud, da Gela a Santo Stefano di Camastra, appaltato nel 1998, con un costo finora di oltre 100 milioni di euro e non ancora completata. Oggi alla cerimonia di apertura del tratto di 7 chilometri che va da Nicosia a Mistretta [&hellip;]<\/p>\n","protected":false},"author":4,"featured_media":44995,"comment_status":"closed","ping_status":"closed","sticky":false,"template":"","format":"standard","meta":{"ub_ctt_via":"","_mi_skip_tracking":false},"categories":[11],"tags":[],"featured_image_src":"https:\/\/www.messinaoggi.it\/website\/wp-content\/uploads\/2020\/06\/003-10.jpg","author_info":{"display_name":"redme","author_link":"https:\/\/www.messinaoggi.it\/website\/author\/redme\/"},"digistream_id":0,"digistream":false,"_links":{"self":[{"href":"https:\/\/www.messinaoggi.it\/website\/wp-json\/wp\/v2\/posts\/44994"}],"collection":[{"href":"https:\/\/www.messinaoggi.it\/website\/wp-json\/wp\/v2\/posts"}],"about":[{"href":"https:\/\/www.messinaoggi.it\/website\/wp-json\/wp\/v2\/types\/post"}],"author":[{"embeddable":true,"href":"https:\/\/www.messinaoggi.it\/website\/wp-json\/wp\/v2\/users\/4"}],"replies":[{"embeddable":true,"href":"https:\/\/www.messinaoggi.it\/website\/wp-json\/wp\/v2\/comments?post=44994"}],"version-history":[{"count":0,"href":"https:\/\/www.messinaoggi.it\/website\/wp-json\/wp\/v2\/posts\/44994\/revisions"}],"wp:featuredmedia":[{"embeddable":true,"href":"https:\/\/www.messinaoggi.it\/website\/wp-json\/wp\/v2\/media\/44995"}],"wp:attachment":[{"href":"https:\/\/www.messinaoggi.it\/website\/wp-json\/wp\/v2\/media?parent=44994"}],"wp:term":[{"taxonomy":"category","embeddable":true,"href":"https:\/\/www.messinaoggi.it\/website\/wp-json\/wp\/v2\/categories?post=44994"},{"taxonomy":"post_tag","embeddable":true,"href":"https:\/\/www.messinaoggi.it\/website\/wp-json\/wp\/v2\/tags?post=44994"}],"curies":[{"name":"wp","href":"https:\/\/api.w.org\/{rel}","templated":true}]}}