{"id":44983,"date":"2020-06-25T10:18:06","date_gmt":"2020-06-25T08:18:06","guid":{"rendered":"https:\/\/www.messinaoggi.it\/website\/?p=44983"},"modified":"2020-06-25T10:18:06","modified_gmt":"2020-06-25T08:18:06","slug":"riapertura-cutroni-zodda-la-paglia-decisione-di-competenza-della-regione","status":"publish","type":"post","link":"https:\/\/www.messinaoggi.it\/website\/2020\/06\/25\/riapertura-cutroni-zodda-la-paglia-decisione-di-competenza-della-regione\/","title":{"rendered":"Riapertura &quot;Cutroni Zodda&quot;, La Paglia: &quot;Decisione di competenza della Regione&quot;"},"content":{"rendered":"<p style=\"text-align: justify\">Non si \u00e8 fatta attendere la replica del direttore generale dell\u2019Asp di Messina, Paolo La Paglia, ai sindaci del Distretto socio sanitario D28, i quali ieri in una lunga nota avevano chiesto a La Paglia di riaprire l\u2019ospedale \u201cCutroni-Zodda\u201d di Barcellona Pozzo di Gotto, la cui attivit\u00e0 al momento \u00e8 ridotta all\u2019essenziale, e in particolare \u00e8 incentrata perlopi\u00f9 sui pazienti covid.<div id=\"div-gpt-ad-Messinaoggi.it-DSK-300x250-corpoart\" style=\"text-align:center;margin:0 auto;\"><\/div><\/p>\n<blockquote class=\"wp-embedded-content\" data-secret=\"L4f0GT8A70\"><p><a href=\"https:\/\/www.messinaoggi.it\/website\/2020\/06\/24\/cutroni-zodda-svuotato-per-il-covid-i-sindaci-del-distretto-d28-ne-chiedono-la-riapertura\/\">&quot;Cutroni Zodda&quot; svuotato per il Covid, i sindaci del Distretto 28 chiedono la riapertura<\/a><div id=\"videoincontent\" style=\"clear:both\";><\/div><\/p><\/blockquote>\n<p><iframe class=\"wp-embedded-content\" sandbox=\"allow-scripts\" security=\"restricted\" style=\"position: absolute; clip: rect(1px, 1px, 1px, 1px);\" title=\"&#8220;&quot;Cutroni Zodda&quot; svuotato per il Covid, i sindaci del Distretto 28 chiedono la riapertura&#8221; &#8212; Messina Oggi\" src=\"https:\/\/www.messinaoggi.it\/website\/2020\/06\/24\/cutroni-zodda-svuotato-per-il-covid-i-sindaci-del-distretto-d28-ne-chiedono-la-riapertura\/embed\/#?secret=L4f0GT8A70\" data-secret=\"L4f0GT8A70\" width=\"500\" height=\"282\" frameborder=\"0\" marginwidth=\"0\" marginheight=\"0\" scrolling=\"no\"><\/iframe><\/p>\n<p style=\"text-align: justify\">In breve, il direttore generale dell\u2019Asp di Messina spiega che la riapertura del presidio ospedaliero barcellonese non \u00e8 di competenza sua, ma dell\u2019assessorato regionale alla Salute. \u201c\u00c8 del tutto evidente che la nota \u00e8 stata scritta con il contributo di qualche consulente sanitario che ha una visione tecnica non corrispondente alla realt\u00e0 dei fatti. \u2013 dichiara la Paglia &#8211; Per tale motivo, nell&#8217;esprimere grande stima per i sindaci del Distretto e ringraziarli per il contributo offerto, ritengo comunque necessario chiarire inequivocabilmente che le modifiche alla programmazione regionale sui Covid Hospital sono di pertinenza dell&#8217;assessorato regionale alla Salute e non di Paolo La Paglia, nella veste di direttore generale pro-tempore dell&#8217;Asp di Messina.<\/p>\n<p style=\"text-align: justify\">\u201cLa nota prot. 26383 del 9 giugno dell&#8217;assessorato regionale dispone in merito alla razionalizzazione dei ricoveri dei positivi Covid-19, fra ospedali dedicati della stessa area metropolitana, e promuove atti propedeutici alla riapertura post-emergenza. La direzione sanitaria del Policlinico di Messina ha comunicato che sono ancora in essere dei lavori di ristrutturazione, per cui diversi malati Covid-19 sono stati trasferiti e permangono tutt&#8217;ora presso l&#8217;ospedale Papardo di Messina e presso l&#8217;ospedale di Barcellona, non permettendo in atto quanto disposto dalla nota sopracitata, ovvero la razionalizzazione dei ricoveri. Inoltre, l&#8217;ospedale di Barcellona per sua strutturazione non ha la possibilit\u00e0 di percorsi separati di radiodiagnostica tra malati Covid-19 e No Covid. Infine, le aziende sanitarie provinciali sono in attesa delle disposizioni regionali definitive post-emergenza, legate alla giusta cautela relativa all&#8217;andamento e al monitoraggio costante dei dati epidemiologici.<\/p>\n<p style=\"text-align: justify\">\u201cPer quanto sopra nel ribadire che con i primi cittadini c&#8217;\u00e8 piena convergenza nel volere ripristinare prima possibile tutti i servizi sanitari offerti dall&#8217;ospedale di Barcellona, voglio qui rassicurarli che \u00e8 comunque gi\u00e0 pronto il cronoprogramma per la graduale riapertura dell&#8217;ospedale non appena l&#8217;assessorato emaner\u00e0 apposito decreto\u201d.<\/p>\n","protected":false},"excerpt":{"rendered":"<p>Non si \u00e8 fatta attendere la replica del direttore generale dell\u2019Asp di Messina, Paolo La Paglia, ai sindaci del Distretto socio sanitario D28, i quali ieri in una lunga nota avevano chiesto a La Paglia di riaprire l\u2019ospedale \u201cCutroni-Zodda\u201d di Barcellona Pozzo di Gotto, la cui attivit\u00e0 al momento \u00e8 ridotta all\u2019essenziale, e in particolare [&hellip;]<\/p>\n","protected":false},"author":11,"featured_media":5502,"comment_status":"closed","ping_status":"closed","sticky":false,"template":"","format":"standard","meta":{"ub_ctt_via":"","_mi_skip_tracking":false},"categories":[13,14],"tags":[],"featured_image_src":"https:\/\/www.messinaoggi.it\/website\/wp-content\/uploads\/2017\/07\/ospedale-cutroni-zodda-barcellona-2.jpg","author_info":{"display_name":"redsport","author_link":"https:\/\/www.messinaoggi.it\/website\/author\/redsport\/"},"digistream_id":0,"digistream":false,"_links":{"self":[{"href":"https:\/\/www.messinaoggi.it\/website\/wp-json\/wp\/v2\/posts\/44983"}],"collection":[{"href":"https:\/\/www.messinaoggi.it\/website\/wp-json\/wp\/v2\/posts"}],"about":[{"href":"https:\/\/www.messinaoggi.it\/website\/wp-json\/wp\/v2\/types\/post"}],"author":[{"embeddable":true,"href":"https:\/\/www.messinaoggi.it\/website\/wp-json\/wp\/v2\/users\/11"}],"replies":[{"embeddable":true,"href":"https:\/\/www.messinaoggi.it\/website\/wp-json\/wp\/v2\/comments?post=44983"}],"version-history":[{"count":0,"href":"https:\/\/www.messinaoggi.it\/website\/wp-json\/wp\/v2\/posts\/44983\/revisions"}],"wp:featuredmedia":[{"embeddable":true,"href":"https:\/\/www.messinaoggi.it\/website\/wp-json\/wp\/v2\/media\/5502"}],"wp:attachment":[{"href":"https:\/\/www.messinaoggi.it\/website\/wp-json\/wp\/v2\/media?parent=44983"}],"wp:term":[{"taxonomy":"category","embeddable":true,"href":"https:\/\/www.messinaoggi.it\/website\/wp-json\/wp\/v2\/categories?post=44983"},{"taxonomy":"post_tag","embeddable":true,"href":"https:\/\/www.messinaoggi.it\/website\/wp-json\/wp\/v2\/tags?post=44983"}],"curies":[{"name":"wp","href":"https:\/\/api.w.org\/{rel}","templated":true}]}}