{"id":44978,"date":"2020-06-24T19:21:54","date_gmt":"2020-06-24T17:21:54","guid":{"rendered":"https:\/\/www.messinaoggi.it\/website\/?p=44978"},"modified":"2020-06-24T19:21:54","modified_gmt":"2020-06-24T17:21:54","slug":"ventotto-migranti-positivi-al-covid-sulla-nave-quarantena","status":"publish","type":"post","link":"https:\/\/www.messinaoggi.it\/website\/2020\/06\/24\/ventotto-migranti-positivi-al-covid-sulla-nave-quarantena\/","title":{"rendered":"Ventotto migranti positivi al Covid sulla nave-quarantena"},"content":{"rendered":"<p>Sono 28 i migranti, salvati in acque internazionali dalla &#8220;Sea Watch&#8221; e imbarcati sulla nave-quarantena Moby Zaz\u00e0 che \u00e8 in rada a Porto Empedocle, che sono risultati positivi al Covid-19.<br \/>\nI tamponi sui 209 migranti presenti sulla Moby Zaz\u00e0 erano stati effettuati ieri mattina. Appena ieri sera era stato reso noto che uno dei migranti sbarcati dalla &#8220;Sea Watch&#8221; era stato ricoverato nel reparto Malattie infettive dell\u2019ospedale &#8220;Sant\u2019Elia&#8221; di Caltanissetta. Inizialmente era un caso di sospetta tubercolosi. Poi l\u2019esito del tampone aveva fatto chiarezza.<br \/>\n<strong>Musumeci: &#8220;Ci accusavano di razzismo&#8230;&#8221;<\/strong>\u201cVentotto migranti positivi sono sulla nave in rada a Porto Empedocle, soluzione che con caparbiet\u00e0 abbiamo preteso il 12 aprile scorso dal governo centrale per evitare che si sviluppassero focolai sul territorio dell\u2019Isola, senza poterli circoscrivere e controllare\u201d, afferma in un post su Facebook il governatore della Sicilia Nello Musumeci.<br \/>\n\u201cOggi si capisce meglio \u2013 aggiunge Musumeci \u2013 quella nostra richiesta. E chi ha vaneggiato accusandoci quasi di razzismo, oggi si render\u00e0 conto che avevamo ragione. Nelle prossime ore andranno adottati provvedimenti sanitari importanti al principio della precauzione.<br \/>\nVoglio sperare &#8211; conclude Musumeci &#8211; che a nessuno venga in mente di non coinvolgere la Regione nelle scelte che dovranno essere assunte\u201d.<div id=\"div-gpt-ad-Messinaoggi.it-DSK-300x250-corpoart\" style=\"text-align:center;margin:0 auto;\"><\/div><\/p>\n<div id=\"videoincontent\" style=\"clear:both\";><\/div>","protected":false},"excerpt":{"rendered":"<p>Sono 28 i migranti, salvati in acque internazionali dalla &#8220;Sea Watch&#8221; e imbarcati sulla nave-quarantena Moby Zaz\u00e0 che \u00e8 in rada a Porto Empedocle, che sono risultati positivi al Covid-19. I tamponi sui 209 migranti presenti sulla Moby Zaz\u00e0 erano stati effettuati ieri mattina. Appena ieri sera era stato reso noto che uno dei migranti [&hellip;]<\/p>\n","protected":false},"author":4,"featured_media":14571,"comment_status":"closed","ping_status":"closed","sticky":false,"template":"","format":"standard","meta":{"ub_ctt_via":"","_mi_skip_tracking":false},"categories":[221],"tags":[],"featured_image_src":"https:\/\/www.messinaoggi.it\/website\/wp-content\/uploads\/2018\/01\/sbarco-migranti-20-01-18-_0597-1.jpg","author_info":{"display_name":"redme","author_link":"https:\/\/www.messinaoggi.it\/website\/author\/redme\/"},"digistream_id":0,"digistream":false,"_links":{"self":[{"href":"https:\/\/www.messinaoggi.it\/website\/wp-json\/wp\/v2\/posts\/44978"}],"collection":[{"href":"https:\/\/www.messinaoggi.it\/website\/wp-json\/wp\/v2\/posts"}],"about":[{"href":"https:\/\/www.messinaoggi.it\/website\/wp-json\/wp\/v2\/types\/post"}],"author":[{"embeddable":true,"href":"https:\/\/www.messinaoggi.it\/website\/wp-json\/wp\/v2\/users\/4"}],"replies":[{"embeddable":true,"href":"https:\/\/www.messinaoggi.it\/website\/wp-json\/wp\/v2\/comments?post=44978"}],"version-history":[{"count":0,"href":"https:\/\/www.messinaoggi.it\/website\/wp-json\/wp\/v2\/posts\/44978\/revisions"}],"wp:featuredmedia":[{"embeddable":true,"href":"https:\/\/www.messinaoggi.it\/website\/wp-json\/wp\/v2\/media\/14571"}],"wp:attachment":[{"href":"https:\/\/www.messinaoggi.it\/website\/wp-json\/wp\/v2\/media?parent=44978"}],"wp:term":[{"taxonomy":"category","embeddable":true,"href":"https:\/\/www.messinaoggi.it\/website\/wp-json\/wp\/v2\/categories?post=44978"},{"taxonomy":"post_tag","embeddable":true,"href":"https:\/\/www.messinaoggi.it\/website\/wp-json\/wp\/v2\/tags?post=44978"}],"curies":[{"name":"wp","href":"https:\/\/api.w.org\/{rel}","templated":true}]}}