{"id":44928,"date":"2020-06-23T01:42:52","date_gmt":"2020-06-22T23:42:52","guid":{"rendered":"https:\/\/www.messinaoggi.it\/website\/?p=44928"},"modified":"2020-06-23T01:42:52","modified_gmt":"2020-06-22T23:42:52","slug":"calcio-a-5-al-via-il-campionato-provinciale-aics-messina-al-punto-luce-di-camaro","status":"publish","type":"post","link":"https:\/\/www.messinaoggi.it\/website\/2020\/06\/23\/calcio-a-5-al-via-il-campionato-provinciale-aics-messina-al-punto-luce-di-camaro\/","title":{"rendered":"CALCIO A 5 &#8211; Al via il campionato provinciale AICS Messina al &quot;Punto Luce&quot; di Camaro"},"content":{"rendered":"<h6 style=\"text-align: justify\"><em><strong>Dopo il lungo stop determinato dall&#8217;emergenza coronavirus, il comitato presieduto da Lillo Margareci, riparte con il torneo provinciale di calcio a cinque. La kermesse sportiva si svolger\u00e0 presso il terreno di gioco in sintetico del centro \u201cPunto Luce\u201d di Camaro Superiore. <\/strong><\/em><\/h6>\n<p style=\"text-align: justify\">Riparte l\u2019attivit\u00e0 sportiva targata AICS Messina. Dopo il lungo stop dovuto alle direttive sportive in seguito alla pandemia da Covid-19, il comitato presieduto da Lillo Margareci, torna a pieno regime\u00a0 organizzando il campionato provinciale di calcio a 5.<div id=\"div-gpt-ad-Messinaoggi.it-DSK-300x250-corpoart\" style=\"text-align:center;margin:0 auto;\"><\/div><\/p>\n<p style=\"text-align: justify\">L\u2019attesa partita inaugurale vedr\u00e0 di fronte quest&#8217;oggi, con fischio d\u2019inizio fissato alle ore 21.00, le squadre &#8220;L\u2019Isola che non c\u2019\u00e8&#8221; e &#8220;La Bufera&#8221;. Queste le altre formazioni partecipanti : Centro Vantage, Sport e Cultura, AICS Calcio e San Paolo.<div id=\"videoincontent\" style=\"clear:both\";><\/div><\/p>\n<div id=\"attachment_44929\" style=\"width: 379px\" class=\"wp-caption alignright\"><img aria-describedby=\"caption-attachment-44929\" loading=\"lazy\" class=\" wp-image-44929\" src=\"https:\/\/www.messinaoggi.it\/website\/wp-content\/uploads\/2020\/06\/Lillo-Margareci-presidente-AICS-MESSINA-300x206.jpg\" alt=\"\" width=\"369\" height=\"254\" \/><p id=\"caption-attachment-44929\" class=\"wp-caption-text\">Lillo Margareci, presidente AICS Messina<\/p><\/div>\n<p style=\"text-align: justify\">Le sei formazioni iscritte si contenderanno l\u2019ambito titolo in palio e la possibilit\u00e0 di difendere poi i colori peloritani nella rassegna nazionale di Cervia, in calendario dal 3 al 6 settembre. La formula prevede due gironi, i cui incontri si disputeranno, in orari serali, nei giorni di marted\u00ec, mercoled\u00ec e gioved\u00ec.<\/p>\n<p style=\"text-align: justify\">Le prime due classificate si incroceranno nelle semifinali del 14 e 15 luglio, mentre la finalissima \u00e8 in programma il 17 luglio (ore 21.30). Le altre posizioni saranno definite dalle coppe \u201cPunto Luce\u201d e \u201cNeverland\u201d. Verranno assegnati, inoltre, premi speciali \u201cFair Play\u201d,\u00a0 miglior marcatore e miglio portiere.<\/p>\n<p style=\"text-align: justify\"><em>\u201cFinalmente si riprende a giocare, potremo cos\u00ec metterci alle spalle un periodo davvero difficile<\/em> \u2013 dichiara Margareci \u2013 <em>la gara d\u2019esordio rappresenter\u00e0 un nuovo inizio che vivremo con grande entusiasmo. In tal ottica, l\u2019aspetto agonistico avr\u00e0 un valore secondario rispetto a quello simbolico. Nel rispetto di tutte le regole, saranno diversi gli appuntamenti che promuoveremo nel corso dell\u2019estate e successivamente in autunno\u201d.\u00a0\u00a0\u00a0\u00a0 <\/em><\/p>\n<p style=\"text-align: justify\">\n","protected":false},"excerpt":{"rendered":"<p>Dopo il lungo stop determinato dall&#8217;emergenza coronavirus, il comitato presieduto da Lillo Margareci, riparte con il torneo provinciale di calcio a cinque. La kermesse sportiva si svolger\u00e0 presso il terreno di gioco in sintetico del centro \u201cPunto Luce\u201d di Camaro Superiore. Riparte l\u2019attivit\u00e0 sportiva targata AICS Messina. Dopo il lungo stop dovuto alle direttive sportive [&hellip;]<\/p>\n","protected":false},"author":17,"featured_media":44930,"comment_status":"closed","ping_status":"closed","sticky":false,"template":"","format":"standard","meta":{"ub_ctt_via":"","_mi_skip_tracking":false},"categories":[8,9],"tags":[243,244],"featured_image_src":"https:\/\/www.messinaoggi.it\/website\/wp-content\/uploads\/2020\/06\/Campo-PUNTO-LUCE-.jpg","author_info":{"display_name":"Giuseppe Luppino","author_link":"https:\/\/www.messinaoggi.it\/website\/author\/g-luppino\/"},"digistream_id":0,"digistream":false,"_links":{"self":[{"href":"https:\/\/www.messinaoggi.it\/website\/wp-json\/wp\/v2\/posts\/44928"}],"collection":[{"href":"https:\/\/www.messinaoggi.it\/website\/wp-json\/wp\/v2\/posts"}],"about":[{"href":"https:\/\/www.messinaoggi.it\/website\/wp-json\/wp\/v2\/types\/post"}],"author":[{"embeddable":true,"href":"https:\/\/www.messinaoggi.it\/website\/wp-json\/wp\/v2\/users\/17"}],"replies":[{"embeddable":true,"href":"https:\/\/www.messinaoggi.it\/website\/wp-json\/wp\/v2\/comments?post=44928"}],"version-history":[{"count":0,"href":"https:\/\/www.messinaoggi.it\/website\/wp-json\/wp\/v2\/posts\/44928\/revisions"}],"wp:featuredmedia":[{"embeddable":true,"href":"https:\/\/www.messinaoggi.it\/website\/wp-json\/wp\/v2\/media\/44930"}],"wp:attachment":[{"href":"https:\/\/www.messinaoggi.it\/website\/wp-json\/wp\/v2\/media?parent=44928"}],"wp:term":[{"taxonomy":"category","embeddable":true,"href":"https:\/\/www.messinaoggi.it\/website\/wp-json\/wp\/v2\/categories?post=44928"},{"taxonomy":"post_tag","embeddable":true,"href":"https:\/\/www.messinaoggi.it\/website\/wp-json\/wp\/v2\/tags?post=44928"}],"curies":[{"name":"wp","href":"https:\/\/api.w.org\/{rel}","templated":true}]}}