{"id":44898,"date":"2020-06-22T08:18:24","date_gmt":"2020-06-22T06:18:24","guid":{"rendered":"https:\/\/www.messinaoggi.it\/website\/?p=44898"},"modified":"2020-06-22T08:18:24","modified_gmt":"2020-06-22T06:18:24","slug":"violenta-aggressione-al-pronto-soccorso-del-papardo","status":"publish","type":"post","link":"https:\/\/www.messinaoggi.it\/website\/2020\/06\/22\/violenta-aggressione-al-pronto-soccorso-del-papardo\/","title":{"rendered":"Violenta aggressione al Pronto soccorso del Papardo"},"content":{"rendered":"<p style=\"text-align: justify;\">Violenta aggressione ai danni del personale del Pronto soccorso dell&#8217;ospedale Papardo. Una infermiera e una ausiliaria sono state malmenate da un giovane con problemi psichici. Le prognosi vanno da 4 a otto giorni.<div id=\"div-gpt-ad-Messinaoggi.it-DSK-300x250-corpoart\" style=\"text-align:center;margin:0 auto;\"><\/div><\/p>\n<p style=\"text-align: justify;\">Momenti di grande paura si sono registrati ieri, nel tardo pomeriggio, al Pronto soccorso dell&#8217;ospedale di contrada Papardo, un uomo in preda ad una crisi si \u00e8 scagliato contro il personale e la mamma che l&#8217;aveva accompagnato.<div id=\"videoincontent\" style=\"clear:both\";><\/div><\/p>\n<p style=\"text-align: justify;\">Solo l&#8217;arrivo della guardia giurata ha scongiurato il peggio. L&#8217;uomo ha anche rinchiuso una infermiera dentro una stanza ed ha iniziato a scardinare porte e finestre &#8211; hanno riferito alcuni testimoni &#8211; con una forza quasi soprannaturale.<\/p>\n<p style=\"text-align: justify;\">Si tratta del secondo episodio verificatosi nel giorno di appena 10 giorni. La situazione \u00e8 tornata alla normalit\u00e0 solo in serata, non appena l&#8217;uomo \u00e8 stato calmato dal personale del Pronto soccorso.<\/p>\n<p> <\/p>\n","protected":false},"excerpt":{"rendered":"<p>Violenta aggressione ai danni del personale del Pronto soccorso dell&#8217;ospedale Papardo. Una infermiera e una ausiliaria sono state malmenate da un giovane con problemi psichici. Le prognosi vanno da 4 a otto giorni. Momenti di grande paura si sono registrati ieri, nel tardo pomeriggio, al Pronto soccorso dell&#8217;ospedale di contrada Papardo, un uomo in preda [&hellip;]<\/p>\n","protected":false},"author":2,"featured_media":44334,"comment_status":"closed","ping_status":"closed","sticky":false,"template":"","format":"standard","meta":{"ub_ctt_via":"","_mi_skip_tracking":false},"categories":[19],"tags":[],"featured_image_src":"https:\/\/www.messinaoggi.it\/website\/wp-content\/uploads\/2020\/06\/papardo-2.jpg","author_info":{"display_name":"Redazione","author_link":"https:\/\/www.messinaoggi.it\/website\/author\/redazione\/"},"digistream_id":0,"digistream":false,"_links":{"self":[{"href":"https:\/\/www.messinaoggi.it\/website\/wp-json\/wp\/v2\/posts\/44898"}],"collection":[{"href":"https:\/\/www.messinaoggi.it\/website\/wp-json\/wp\/v2\/posts"}],"about":[{"href":"https:\/\/www.messinaoggi.it\/website\/wp-json\/wp\/v2\/types\/post"}],"author":[{"embeddable":true,"href":"https:\/\/www.messinaoggi.it\/website\/wp-json\/wp\/v2\/users\/2"}],"replies":[{"embeddable":true,"href":"https:\/\/www.messinaoggi.it\/website\/wp-json\/wp\/v2\/comments?post=44898"}],"version-history":[{"count":0,"href":"https:\/\/www.messinaoggi.it\/website\/wp-json\/wp\/v2\/posts\/44898\/revisions"}],"wp:featuredmedia":[{"embeddable":true,"href":"https:\/\/www.messinaoggi.it\/website\/wp-json\/wp\/v2\/media\/44334"}],"wp:attachment":[{"href":"https:\/\/www.messinaoggi.it\/website\/wp-json\/wp\/v2\/media?parent=44898"}],"wp:term":[{"taxonomy":"category","embeddable":true,"href":"https:\/\/www.messinaoggi.it\/website\/wp-json\/wp\/v2\/categories?post=44898"},{"taxonomy":"post_tag","embeddable":true,"href":"https:\/\/www.messinaoggi.it\/website\/wp-json\/wp\/v2\/tags?post=44898"}],"curies":[{"name":"wp","href":"https:\/\/api.w.org\/{rel}","templated":true}]}}