{"id":44896,"date":"2020-06-21T23:12:12","date_gmt":"2020-06-21T21:12:12","guid":{"rendered":"https:\/\/www.messinaoggi.it\/website\/?p=44896"},"modified":"2020-06-21T23:12:12","modified_gmt":"2020-06-21T21:12:12","slug":"uomo-positivo-al-covid-era-rientrato-da-milano","status":"publish","type":"post","link":"https:\/\/www.messinaoggi.it\/website\/2020\/06\/21\/uomo-positivo-al-covid-era-rientrato-da-milano\/","title":{"rendered":"Uomo positivo al Coronavirus: era rientrato da Milano"},"content":{"rendered":"<p>Un nuovo caso &#8220;importato&#8221; dalla Lombardia ed ancora una volta la provincia di Messina, nella fattispecie Barcellona, fa i conti con il Coronavirus. Dopo la positivit\u00e0 di un uomo ad Oliveri registrata il 15 giugno scorso, un altro caso si \u00e8 registrato nella citt\u00e0 del Longano a causa di un uomo rientrato da Milano e trovato positivo al Covid 19.<br \/>\nL&#8217;annuncio \u00e8 stato dato in diretta Facebook, dall&#8217;assessore Nino Munaf\u00f2, che ha comunicato come l&#8217;uomo sia stato sottoposto al tampone \u2013 probabilmente perch\u00e9 presentava alcuni sintomi \u2013 e sia stata riscontrata la sua positivit\u00e0 al Covid 19.<br \/>\nLa notizia ha fatto subito il giro dei social, gettando nel panico la citt\u00e0 barcellonese e naturalmente il suo hinterland.<div id=\"div-gpt-ad-Messinaoggi.it-DSK-300x250-corpoart\" style=\"text-align:center;margin:0 auto;\"><\/div><\/p>\n<div id=\"videoincontent\" style=\"clear:both\";><\/div>","protected":false},"excerpt":{"rendered":"<p>Un nuovo caso &#8220;importato&#8221; dalla Lombardia ed ancora una volta la provincia di Messina, nella fattispecie Barcellona, fa i conti con il Coronavirus. Dopo la positivit\u00e0 di un uomo ad Oliveri registrata il 15 giugno scorso, un altro caso si \u00e8 registrato nella citt\u00e0 del Longano a causa di un uomo rientrato da Milano e [&hellip;]<\/p>\n","protected":false},"author":4,"featured_media":2997,"comment_status":"closed","ping_status":"closed","sticky":false,"template":"","format":"standard","meta":{"ub_ctt_via":"","_mi_skip_tracking":false},"categories":[221,19],"tags":[],"featured_image_src":"https:\/\/www.messinaoggi.it\/website\/wp-content\/uploads\/2017\/06\/comune-barcellona-pg-2.jpg","author_info":{"display_name":"redme","author_link":"https:\/\/www.messinaoggi.it\/website\/author\/redme\/"},"digistream_id":0,"digistream":false,"_links":{"self":[{"href":"https:\/\/www.messinaoggi.it\/website\/wp-json\/wp\/v2\/posts\/44896"}],"collection":[{"href":"https:\/\/www.messinaoggi.it\/website\/wp-json\/wp\/v2\/posts"}],"about":[{"href":"https:\/\/www.messinaoggi.it\/website\/wp-json\/wp\/v2\/types\/post"}],"author":[{"embeddable":true,"href":"https:\/\/www.messinaoggi.it\/website\/wp-json\/wp\/v2\/users\/4"}],"replies":[{"embeddable":true,"href":"https:\/\/www.messinaoggi.it\/website\/wp-json\/wp\/v2\/comments?post=44896"}],"version-history":[{"count":0,"href":"https:\/\/www.messinaoggi.it\/website\/wp-json\/wp\/v2\/posts\/44896\/revisions"}],"wp:featuredmedia":[{"embeddable":true,"href":"https:\/\/www.messinaoggi.it\/website\/wp-json\/wp\/v2\/media\/2997"}],"wp:attachment":[{"href":"https:\/\/www.messinaoggi.it\/website\/wp-json\/wp\/v2\/media?parent=44896"}],"wp:term":[{"taxonomy":"category","embeddable":true,"href":"https:\/\/www.messinaoggi.it\/website\/wp-json\/wp\/v2\/categories?post=44896"},{"taxonomy":"post_tag","embeddable":true,"href":"https:\/\/www.messinaoggi.it\/website\/wp-json\/wp\/v2\/tags?post=44896"}],"curies":[{"name":"wp","href":"https:\/\/api.w.org\/{rel}","templated":true}]}}