{"id":44859,"date":"2020-06-20T08:56:19","date_gmt":"2020-06-20T06:56:19","guid":{"rendered":"https:\/\/www.messinaoggi.it\/website\/?p=44859"},"modified":"2020-06-20T08:56:19","modified_gmt":"2020-06-20T06:56:19","slug":"omaggio-a-s-antonio-domani-messa-e-concerto-in-streaming-niente-carro-trionfale","status":"publish","type":"post","link":"https:\/\/www.messinaoggi.it\/website\/2020\/06\/20\/omaggio-a-s-antonio-domani-messa-e-concerto-in-streaming-niente-carro-trionfale\/","title":{"rendered":"Omaggio a S. Antonio: domani messa e concerto in streaming. Niente Carro trionfale"},"content":{"rendered":"<p align=\"justify\">Domenica 21 giugno doveva tenersi la grande Processione con il Carro trionfale di S. Antonio. A distanza di 75 anni, dopo l\u2019ultimo stop dovuto alla Seconda Guerra Mondiale, a causa delle restrizioni per il Covid19, non si terr\u00e0 l&#8217;imponente processione del Santo taumaturgo, che annualmente attira migliaia e migliaia di fedeli, devoti, pellegrini e turisti nelle vie adiacenti al Santuario e per il centro di Messina.<div id=\"div-gpt-ad-Messinaoggi.it-DSK-300x250-corpoart\" style=\"text-align:center;margin:0 auto;\"><\/div><\/p>\n<p align=\"justify\">Per non dimenticare la Notte Bianca ed il Carro trionfale del Santo, la Basilica ha previsto per domenica 21 giugno una solenne Santa Messa alle 19 presieduta da mons. Cesare Di Pietro, la benedizione dei gigli e a seguire il concerto \u201cOmaggio a S. Antonio\u201d alle ore 21, che vedr\u00e0 esibirsi Katia Mirabile del conservatorio &#8220;Corelli&#8221; di Messina con la sua chitarra classica e gli artisti Francesco Tusa e Irene Valenti nel duo violino e organo.<div id=\"videoincontent\" style=\"clear:both\";><\/div><\/p>\n<p align=\"justify\">Gli eventi saranno trasmessi in diretta streaming nei canali social della Basilica.<\/p>\n<p align=\"justify\">La privazione forzata (causa Coronavirus) di uno degli eventi pi\u00f9 importanti dell\u2019inizio estate messinese, non deve frenare la voglia dei devoti e dei pellegrini di omaggiare il loro Santo, e di innalzare a Dio la loro lode per un cos\u00ec insigne maestro di virt\u00f9, di amore e di carit\u00e0 fraterna.<\/p>\n<p align=\"justify\">Invitiamo a partecipare a questi due appuntamenti, per affidarci personalmente a S. Antonio, affidare la nostra Citt\u00e0, la nostra Italia e il mondo intero, affinch\u00e9 ci possa custodire da ogni male, dall\u2019attuale pandemia e presentare a Dio i nostri bisogni, le nostre urgenze, affinch\u00e8 Dio ci ottenga le desiderate grazie ed i miracoli di cui abbiamo bisogno per noi e per i nostri cari.<\/p>\n","protected":false},"excerpt":{"rendered":"<p>Domenica 21 giugno doveva tenersi la grande Processione con il Carro trionfale di S. Antonio. A distanza di 75 anni, dopo l\u2019ultimo stop dovuto alla Seconda Guerra Mondiale, a causa delle restrizioni per il Covid19, non si terr\u00e0 l&#8217;imponente processione del Santo taumaturgo, che annualmente attira migliaia e migliaia di fedeli, devoti, pellegrini e turisti [&hellip;]<\/p>\n","protected":false},"author":4,"featured_media":44860,"comment_status":"closed","ping_status":"closed","sticky":false,"template":"","format":"standard","meta":{"ub_ctt_via":"","_mi_skip_tracking":false},"categories":[5],"tags":[],"featured_image_src":"https:\/\/www.messinaoggi.it\/website\/wp-content\/uploads\/2020\/06\/DSC_0578.JPG-scaled-1.jpg","author_info":{"display_name":"redme","author_link":"https:\/\/www.messinaoggi.it\/website\/author\/redme\/"},"digistream_id":0,"digistream":false,"_links":{"self":[{"href":"https:\/\/www.messinaoggi.it\/website\/wp-json\/wp\/v2\/posts\/44859"}],"collection":[{"href":"https:\/\/www.messinaoggi.it\/website\/wp-json\/wp\/v2\/posts"}],"about":[{"href":"https:\/\/www.messinaoggi.it\/website\/wp-json\/wp\/v2\/types\/post"}],"author":[{"embeddable":true,"href":"https:\/\/www.messinaoggi.it\/website\/wp-json\/wp\/v2\/users\/4"}],"replies":[{"embeddable":true,"href":"https:\/\/www.messinaoggi.it\/website\/wp-json\/wp\/v2\/comments?post=44859"}],"version-history":[{"count":0,"href":"https:\/\/www.messinaoggi.it\/website\/wp-json\/wp\/v2\/posts\/44859\/revisions"}],"wp:featuredmedia":[{"embeddable":true,"href":"https:\/\/www.messinaoggi.it\/website\/wp-json\/wp\/v2\/media\/44860"}],"wp:attachment":[{"href":"https:\/\/www.messinaoggi.it\/website\/wp-json\/wp\/v2\/media?parent=44859"}],"wp:term":[{"taxonomy":"category","embeddable":true,"href":"https:\/\/www.messinaoggi.it\/website\/wp-json\/wp\/v2\/categories?post=44859"},{"taxonomy":"post_tag","embeddable":true,"href":"https:\/\/www.messinaoggi.it\/website\/wp-json\/wp\/v2\/tags?post=44859"}],"curies":[{"name":"wp","href":"https:\/\/api.w.org\/{rel}","templated":true}]}}