{"id":44767,"date":"2020-06-18T11:30:24","date_gmt":"2020-06-18T09:30:24","guid":{"rendered":"https:\/\/www.messinaoggi.it\/website\/?p=44767"},"modified":"2020-06-18T11:30:24","modified_gmt":"2020-06-18T09:30:24","slug":"nuova-via-don-blasco-limitazioni-in-via-santa-cecilia-bassa","status":"publish","type":"post","link":"https:\/\/www.messinaoggi.it\/website\/2020\/06\/18\/nuova-via-don-blasco-limitazioni-in-via-santa-cecilia-bassa\/","title":{"rendered":"Nuova via Don Blasco, limitazioni in via Santa Cecilia bassa"},"content":{"rendered":"<p>Dalle 8 di luned\u00ec 22 alle 18 di venerd\u00ec 26, nella carreggiata sud di via Santa Cecilia, per un tratto di 25 metri a valle del sottopasso ferroviario, sar\u00e0 vietata la sosta su entrambi i lati; sar\u00e0 ristretta la carreggiata stradale ed istituito il limite massimo di velocit\u00e0 di 20km\/h.<br \/>\nLe limitazioni sono state disposte per consentire l\u2019esecuzione di lavori relativi allo spostamento FO RTN esistente a seguito degli interventi relativi al progetto della via Don Blasco.<div id=\"div-gpt-ad-Messinaoggi.it-DSK-300x250-corpoart\" style=\"text-align:center;margin:0 auto;\"><\/div><\/p>\n<div id=\"videoincontent\" style=\"clear:both\";><\/div>","protected":false},"excerpt":{"rendered":"<p>Dalle 8 di luned\u00ec 22 alle 18 di venerd\u00ec 26, nella carreggiata sud di via Santa Cecilia, per un tratto di 25 metri a valle del sottopasso ferroviario, sar\u00e0 vietata la sosta su entrambi i lati; sar\u00e0 ristretta la carreggiata stradale ed istituito il limite massimo di velocit\u00e0 di 20km\/h. Le limitazioni sono state disposte [&hellip;]<\/p>\n","protected":false},"author":4,"featured_media":31397,"comment_status":"closed","ping_status":"closed","sticky":false,"template":"","format":"standard","meta":{"ub_ctt_via":"","_mi_skip_tracking":false},"categories":[5],"tags":[],"featured_image_src":"https:\/\/www.messinaoggi.it\/website\/wp-content\/uploads\/2019\/04\/IMG-20190410-WA0007.jpg","author_info":{"display_name":"redme","author_link":"https:\/\/www.messinaoggi.it\/website\/author\/redme\/"},"digistream_id":0,"digistream":false,"_links":{"self":[{"href":"https:\/\/www.messinaoggi.it\/website\/wp-json\/wp\/v2\/posts\/44767"}],"collection":[{"href":"https:\/\/www.messinaoggi.it\/website\/wp-json\/wp\/v2\/posts"}],"about":[{"href":"https:\/\/www.messinaoggi.it\/website\/wp-json\/wp\/v2\/types\/post"}],"author":[{"embeddable":true,"href":"https:\/\/www.messinaoggi.it\/website\/wp-json\/wp\/v2\/users\/4"}],"replies":[{"embeddable":true,"href":"https:\/\/www.messinaoggi.it\/website\/wp-json\/wp\/v2\/comments?post=44767"}],"version-history":[{"count":0,"href":"https:\/\/www.messinaoggi.it\/website\/wp-json\/wp\/v2\/posts\/44767\/revisions"}],"wp:featuredmedia":[{"embeddable":true,"href":"https:\/\/www.messinaoggi.it\/website\/wp-json\/wp\/v2\/media\/31397"}],"wp:attachment":[{"href":"https:\/\/www.messinaoggi.it\/website\/wp-json\/wp\/v2\/media?parent=44767"}],"wp:term":[{"taxonomy":"category","embeddable":true,"href":"https:\/\/www.messinaoggi.it\/website\/wp-json\/wp\/v2\/categories?post=44767"},{"taxonomy":"post_tag","embeddable":true,"href":"https:\/\/www.messinaoggi.it\/website\/wp-json\/wp\/v2\/tags?post=44767"}],"curies":[{"name":"wp","href":"https:\/\/api.w.org\/{rel}","templated":true}]}}