{"id":44762,"date":"2020-06-17T10:24:16","date_gmt":"2020-06-17T08:24:16","guid":{"rendered":"https:\/\/www.messinaoggi.it\/website\/?p=44762"},"modified":"2020-06-17T10:24:16","modified_gmt":"2020-06-17T08:24:16","slug":"la-maturita-ai-tempi-del-covid-parte-la-caccia-alla-lode","status":"publish","type":"post","link":"https:\/\/www.messinaoggi.it\/website\/2020\/06\/17\/la-maturita-ai-tempi-del-covid-parte-la-caccia-alla-lode\/","title":{"rendered":"La maturit\u00e0 ai tempi del Covid, \u00e8 caccia alla lode"},"content":{"rendered":"<p>Hanno avuto inizio alle 8.30 gli esami di maturit\u00e0 che riguardano mezzo milione di studenti. E&#8217; un esame unico e particolare per le misure di sicurezza previste in seguito dell\u2019emergenza sanitaria ma anche per le modalit\u00e0 di svolgimento che tengono conto della particolarit\u00e0 di questo anno scolastico. I maturandi sosterranno la prova orale che durer\u00e0 un\u2019ora.<br \/>\nSono 13mila le commissioni, composte da sei membri interni e il presidente. Ogni studente discuter\u00e0, in apertura di colloquio, un elaborato sulle discipline di indirizzo, trattando un argomento gi\u00e0 concordato nelle scorse settimane con i docenti della classe. Seguir\u00e0 la discussione di un breve testo studiato durante l\u2019ultimo anno nell\u2019ambito dell\u2019insegnamento di lingua e letteratura italiana. Saranno poi analizzati materiali assegnati dalla commissione. In chiusura, saranno esposte le esperienze svolte nell\u2019ambito dei Percorsi per le competenze trasversali e l\u2019orientamento e accertate le conoscenze relative a \u201cCittadinanza e Costituzione\u201d.<br \/>\nI crediti e il voto finale si baseranno sul percorso realmente fatto dagli studenti. Per dare il giusto peso al percorso scolastico, il credito del triennio finale \u00e8 stato rivisto: potr\u00e0 valere fino a 60 punti, anzich\u00e9 40, come prima dell\u2019emergenza.<br \/>\nAl colloquio orale si potranno conseguire fino a 40 punti. Il voto massimo finale possibile resta 100\/100. Si potr\u00e0 ottenere la lode.<div id=\"div-gpt-ad-Messinaoggi.it-DSK-300x250-corpoart\" style=\"text-align:center;margin:0 auto;\"><\/div><\/p>\n<div id=\"videoincontent\" style=\"clear:both\";><\/div>","protected":false},"excerpt":{"rendered":"<p>Hanno avuto inizio alle 8.30 gli esami di maturit\u00e0 che riguardano mezzo milione di studenti. E&#8217; un esame unico e particolare per le misure di sicurezza previste in seguito dell\u2019emergenza sanitaria ma anche per le modalit\u00e0 di svolgimento che tengono conto della particolarit\u00e0 di questo anno scolastico. I maturandi sosterranno la prova orale che durer\u00e0 [&hellip;]<\/p>\n","protected":false},"author":4,"featured_media":3217,"comment_status":"closed","ping_status":"closed","sticky":false,"template":"","format":"standard","meta":{"ub_ctt_via":"","_mi_skip_tracking":false},"categories":[221],"tags":[],"featured_image_src":"https:\/\/www.messinaoggi.it\/website\/wp-content\/uploads\/2017\/06\/esami-maturita-2.jpg","author_info":{"display_name":"redme","author_link":"https:\/\/www.messinaoggi.it\/website\/author\/redme\/"},"digistream_id":0,"digistream":false,"_links":{"self":[{"href":"https:\/\/www.messinaoggi.it\/website\/wp-json\/wp\/v2\/posts\/44762"}],"collection":[{"href":"https:\/\/www.messinaoggi.it\/website\/wp-json\/wp\/v2\/posts"}],"about":[{"href":"https:\/\/www.messinaoggi.it\/website\/wp-json\/wp\/v2\/types\/post"}],"author":[{"embeddable":true,"href":"https:\/\/www.messinaoggi.it\/website\/wp-json\/wp\/v2\/users\/4"}],"replies":[{"embeddable":true,"href":"https:\/\/www.messinaoggi.it\/website\/wp-json\/wp\/v2\/comments?post=44762"}],"version-history":[{"count":0,"href":"https:\/\/www.messinaoggi.it\/website\/wp-json\/wp\/v2\/posts\/44762\/revisions"}],"wp:featuredmedia":[{"embeddable":true,"href":"https:\/\/www.messinaoggi.it\/website\/wp-json\/wp\/v2\/media\/3217"}],"wp:attachment":[{"href":"https:\/\/www.messinaoggi.it\/website\/wp-json\/wp\/v2\/media?parent=44762"}],"wp:term":[{"taxonomy":"category","embeddable":true,"href":"https:\/\/www.messinaoggi.it\/website\/wp-json\/wp\/v2\/categories?post=44762"},{"taxonomy":"post_tag","embeddable":true,"href":"https:\/\/www.messinaoggi.it\/website\/wp-json\/wp\/v2\/tags?post=44762"}],"curies":[{"name":"wp","href":"https:\/\/api.w.org\/{rel}","templated":true}]}}