{"id":44706,"date":"2020-06-15T15:45:15","date_gmt":"2020-06-15T13:45:15","guid":{"rendered":"https:\/\/www.messinaoggi.it\/website\/?p=44706"},"modified":"2020-06-15T15:45:15","modified_gmt":"2020-06-15T13:45:15","slug":"giovedi-limitazioni-viarie-a-tremestieri","status":"publish","type":"post","link":"https:\/\/www.messinaoggi.it\/website\/2020\/06\/15\/giovedi-limitazioni-viarie-a-tremestieri\/","title":{"rendered":"Gioved\u00ec limitazioni viarie a Tremestieri"},"content":{"rendered":"<p>Gioved\u00ec 18 sar\u00e0 chiusa al transito veicolare la confluenza con la via Rotonda e la ex Ss 114 e l\u2019adiacente semicarreggiata; il transito veicolare sar\u00e0 interdetto per semi carreggiata nelle corsie di scorrimento nord \u2013 sud dopo il centro commerciale di Tremestieri e quello pedonale dell\u2019adiacente marciapiede per un tratto di 36 metri.<br \/>\nI provvedimenti viari sono stati adottati per consentire il trasporto di pannelli dall\u2019Autoparco ed il loro successivo montaggio nell\u2019ambito dei \u201clavori per la riparazione della dorsale in F. O. del ME.T.A. 2001 \u2013 Sistema di monitoraggio e controllo della mobilit\u00e0\u201d.<div id=\"div-gpt-ad-Messinaoggi.it-DSK-300x250-corpoart\" style=\"text-align:center;margin:0 auto;\"><\/div><\/p>\n<div id=\"videoincontent\" style=\"clear:both\";><\/div>","protected":false},"excerpt":{"rendered":"<p>Gioved\u00ec 18 sar\u00e0 chiusa al transito veicolare la confluenza con la via Rotonda e la ex Ss 114 e l\u2019adiacente semicarreggiata; il transito veicolare sar\u00e0 interdetto per semi carreggiata nelle corsie di scorrimento nord \u2013 sud dopo il centro commerciale di Tremestieri e quello pedonale dell\u2019adiacente marciapiede per un tratto di 36 metri. I provvedimenti [&hellip;]<\/p>\n","protected":false},"author":4,"featured_media":31063,"comment_status":"closed","ping_status":"closed","sticky":false,"template":"","format":"standard","meta":{"ub_ctt_via":"","_mi_skip_tracking":false},"categories":[5],"tags":[],"featured_image_src":"https:\/\/www.messinaoggi.it\/website\/wp-content\/uploads\/2019\/04\/tremestieri-interventi-di-potatura-verde-incolto.jpg","author_info":{"display_name":"redme","author_link":"https:\/\/www.messinaoggi.it\/website\/author\/redme\/"},"digistream_id":0,"digistream":false,"_links":{"self":[{"href":"https:\/\/www.messinaoggi.it\/website\/wp-json\/wp\/v2\/posts\/44706"}],"collection":[{"href":"https:\/\/www.messinaoggi.it\/website\/wp-json\/wp\/v2\/posts"}],"about":[{"href":"https:\/\/www.messinaoggi.it\/website\/wp-json\/wp\/v2\/types\/post"}],"author":[{"embeddable":true,"href":"https:\/\/www.messinaoggi.it\/website\/wp-json\/wp\/v2\/users\/4"}],"replies":[{"embeddable":true,"href":"https:\/\/www.messinaoggi.it\/website\/wp-json\/wp\/v2\/comments?post=44706"}],"version-history":[{"count":0,"href":"https:\/\/www.messinaoggi.it\/website\/wp-json\/wp\/v2\/posts\/44706\/revisions"}],"wp:featuredmedia":[{"embeddable":true,"href":"https:\/\/www.messinaoggi.it\/website\/wp-json\/wp\/v2\/media\/31063"}],"wp:attachment":[{"href":"https:\/\/www.messinaoggi.it\/website\/wp-json\/wp\/v2\/media?parent=44706"}],"wp:term":[{"taxonomy":"category","embeddable":true,"href":"https:\/\/www.messinaoggi.it\/website\/wp-json\/wp\/v2\/categories?post=44706"},{"taxonomy":"post_tag","embeddable":true,"href":"https:\/\/www.messinaoggi.it\/website\/wp-json\/wp\/v2\/tags?post=44706"}],"curies":[{"name":"wp","href":"https:\/\/api.w.org\/{rel}","templated":true}]}}