{"id":44669,"date":"2020-06-14T21:11:22","date_gmt":"2020-06-14T19:11:22","guid":{"rendered":"https:\/\/www.messinaoggi.it\/website\/?p=44669"},"modified":"2020-06-14T21:11:22","modified_gmt":"2020-06-14T19:11:22","slug":"controlli-da-torre-faro-a-tremestieri-11-denunciati","status":"publish","type":"post","link":"https:\/\/www.messinaoggi.it\/website\/2020\/06\/14\/controlli-da-torre-faro-a-tremestieri-11-denunciati\/","title":{"rendered":"Covid e Movida: controlli da Torre Faro a Tremestieri, 11 denunciati"},"content":{"rendered":"<p align=\"justify\">I carabinieri del Comando provinciale di Messina hanno svolto servizi di prevenzione e controllo del territorio, impiegando personale del Nucleo Radiomobile e delle Compagnie Carabinieri di Messina Centro e Messina Sud.<div id=\"div-gpt-ad-Messinaoggi.it-DSK-300x250-corpoart\" style=\"text-align:center;margin:0 auto;\"><\/div><\/p>\n<p align=\"justify\">I servizi di prevenzione e controllo sono stati svolti, nell\u2019arco delle 24 ore, sulle arterie litoranee dell\u2019intero capoluogo, da nord a sud, lungo le vie consolari Pompea e Valeria, da Torre Faro a Tremestieri e hanno interessato i quartieri di Giostra ed Annunziata, del Villaggio Aldisio, di Santa Lucia Sopra Contesse e del Cep, anche per prevenire gli assembramenti di persone nelle zone periferiche del capoluogo, informando i cittadini sulle norme in vigore e verificando il rispetto delle disposizioni.<div id=\"videoincontent\" style=\"clear:both\";><\/div><\/p>\n<p align=\"justify\"><img loading=\"lazy\" class=\"alignnone size-medium wp-image-44672\" src=\"https:\/\/www.messinaoggi.it\/website\/wp-content\/uploads\/2020\/06\/IMG-20200614-WA0006-300x225.jpg\" alt=\"\" width=\"300\" height=\"225\" \/><\/p>\n<p align=\"justify\">Nel corso dei servizi, i militari dell\u2019Arma hanno denunciato undici persone.<\/p>\n<p align=\"justify\">Un 24enne \u00e8 stato deferito per furto aggravato di energia elettrica; forti rumori provenienti dall\u2019abitazione hanno indotto i militari ad un controllo all\u2019interno che ha evidenziato la presenza di un allaccio abusivo alla corrente elettrica.<\/p>\n<p align=\"justify\">Un 23 enne \u00e8 stato denunciato per essersi rifiutato di fornire indicazioni sulla propria identit\u00e0 personale durante un controllo alla circolazione stradale.<\/p>\n<p align=\"justify\">Un 32enne e un 21enne sono stati deferiti per guida senza patente.<\/p>\n<p align=\"justify\">Un 45enne, un 35enne e un 22enne sono stati deferiti\u00a0per rifiuto dell\u2019accertamento dell\u2019uso di sostanza stupefacente\u00a0in quanto, controllati alla guida di veicoli in apparente stato psicofisico alterato,\u00a0hanno rifiutato di sottoporsi agli accertamenti presso una struttura sanitaria per verificare se fossero alla guida sotto l\u2019effetto di sostanze stupefacenti.<\/p>\n<p align=\"justify\">Due 24enni e un 29 enne sono stati deferiti per molestie\u00a0del riposo delle persone\u00a0poich\u00e9\u00a0diffondevano musica ad alto volume.<\/p>\n<p align=\"justify\"><img loading=\"lazy\" class=\"alignnone size-medium wp-image-44673\" src=\"https:\/\/www.messinaoggi.it\/website\/wp-content\/uploads\/2020\/06\/1-300x248.jpg\" alt=\"\" width=\"300\" height=\"248\" \/><\/p>\n<p align=\"justify\">Un 19enne \u00e8 stato deferito in stato deferito in stato di libert\u00e0 alla Procura della Repubblica di Messina poich\u00e9 sorpreso, senza giustificato motivo, in possesso di oggetti idonei ad offendere.<\/p>\n<p align=\"justify\">Un 23enne \u00e8 stato denunciato poich\u00e9 responsabile di violazione dei sigilli, in quanto trovato ad usare un apparato acustico che era stato gi\u00e0 sequestrato ed affidato a lui in custodia.<\/p>\n<p align=\"justify\">Dodici persone, di et\u00e0 compresa tra 18 e 51 anni, sono state segnalate alla Prefettura quali assuntori di stupefacente, poich\u00e9 trovate in possesso di modiche quantit\u00e0 di marijuana, cocaina e crack, detenute per uso personale, con il sequestro complessivo di 21 grammi di sostanza stupefacente.<\/p>\n<p align=\"justify\">I militari hanno contestato la sanzione amministrativa relativa alla violazione delle prescrizioni per il contenimento dell\u2019emergenza Covid-19 ad un uomo trovato all\u2019interno di un ufficio pubblico senza indossare la mascherina obbligatoria.<\/p>\n<p align=\"justify\">Nel corso dei servizi sono stati controllati complessivamente 208 veicoli e 380 persone, 26 infrazioni al Codice della Strada di cui 5 aventi rilevanza penale e 21 con sanzioni amministrative.<\/p>\n<p align=\"justify\"><img loading=\"lazy\" class=\"alignnone size-medium wp-image-44674\" src=\"https:\/\/www.messinaoggi.it\/website\/wp-content\/uploads\/2020\/06\/4-169x300.jpg\" alt=\"\" width=\"169\" height=\"300\" \/><\/p>\n<p align=\"justify\">Sono stati sottoposti a sequestro amministrativo due veicoli perch\u00e9 i conducenti circolavano privi di copertura assicurativa obbligatoria e ritirate due patenti di guida, in vista della successiva sospensione.<\/p>\n<p align=\"justify\">Infine sono state effettuate 14 rimozioni di veicoli trovati in sosta vietata in via Garibaldi ed in Viale della Libert\u00e0.<\/p>\n<p align=\"justify\"><img loading=\"lazy\" class=\"alignnone size-medium wp-image-44670\" src=\"https:\/\/www.messinaoggi.it\/website\/wp-content\/uploads\/2020\/06\/IMG-20200614-WA0002-300x225.jpg\" alt=\"\" width=\"300\" height=\"225\" \/><\/p>\n<p align=\"justify\"><strong>Gestori locali: &#8220;Crollo del 70%&#8221;.<\/strong><\/p>\n<p align=\"justify\">A Piazza Unione Europea,\u00a0 riunione spontanea dei gestori dei locali del centro che lamentano un crollo del 70%.<\/p>\n<p align=\"justify\"><img loading=\"lazy\" class=\"alignnone size-medium wp-image-44671\" src=\"https:\/\/www.messinaoggi.it\/website\/wp-content\/uploads\/2020\/06\/IMG-20200614-WA0003-300x225.jpg\" alt=\"\" width=\"300\" height=\"225\" \/><\/p>\n<p align=\"justify\">L&#8217;emergenza Covid impone norme ferree, ma ordinanze e divieti rischiano di affossare un settore in forte crisi, messo in ginocchio anche da due mesi di lockdown.<\/p>\n","protected":false},"excerpt":{"rendered":"<p>I carabinieri del Comando provinciale di Messina hanno svolto servizi di prevenzione e controllo del territorio, impiegando personale del Nucleo Radiomobile e delle Compagnie Carabinieri di Messina Centro e Messina Sud. I servizi di prevenzione e controllo sono stati svolti, nell\u2019arco delle 24 ore, sulle arterie litoranee dell\u2019intero capoluogo, da nord a sud, lungo le [&hellip;]<\/p>\n","protected":false},"author":4,"featured_media":43360,"comment_status":"closed","ping_status":"closed","sticky":false,"template":"","format":"standard","meta":{"ub_ctt_via":"","_mi_skip_tracking":false},"categories":[221],"tags":[],"featured_image_src":"https:\/\/www.messinaoggi.it\/website\/wp-content\/uploads\/2020\/05\/IMG-20200510-WA0020.jpg","author_info":{"display_name":"redme","author_link":"https:\/\/www.messinaoggi.it\/website\/author\/redme\/"},"digistream_id":0,"digistream":false,"_links":{"self":[{"href":"https:\/\/www.messinaoggi.it\/website\/wp-json\/wp\/v2\/posts\/44669"}],"collection":[{"href":"https:\/\/www.messinaoggi.it\/website\/wp-json\/wp\/v2\/posts"}],"about":[{"href":"https:\/\/www.messinaoggi.it\/website\/wp-json\/wp\/v2\/types\/post"}],"author":[{"embeddable":true,"href":"https:\/\/www.messinaoggi.it\/website\/wp-json\/wp\/v2\/users\/4"}],"replies":[{"embeddable":true,"href":"https:\/\/www.messinaoggi.it\/website\/wp-json\/wp\/v2\/comments?post=44669"}],"version-history":[{"count":0,"href":"https:\/\/www.messinaoggi.it\/website\/wp-json\/wp\/v2\/posts\/44669\/revisions"}],"wp:featuredmedia":[{"embeddable":true,"href":"https:\/\/www.messinaoggi.it\/website\/wp-json\/wp\/v2\/media\/43360"}],"wp:attachment":[{"href":"https:\/\/www.messinaoggi.it\/website\/wp-json\/wp\/v2\/media?parent=44669"}],"wp:term":[{"taxonomy":"category","embeddable":true,"href":"https:\/\/www.messinaoggi.it\/website\/wp-json\/wp\/v2\/categories?post=44669"},{"taxonomy":"post_tag","embeddable":true,"href":"https:\/\/www.messinaoggi.it\/website\/wp-json\/wp\/v2\/tags?post=44669"}],"curies":[{"name":"wp","href":"https:\/\/api.w.org\/{rel}","templated":true}]}}